{"id":128237,"date":"2024-02-26T14:26:06","date_gmt":"2024-02-26T17:26:06","guid":{"rendered":"https:\/\/corrientesdetarde.com\/?p=128237"},"modified":"2024-02-26T14:26:49","modified_gmt":"2024-02-26T17:26:49","slug":"128237","status":"publish","type":"post","link":"https:\/\/corrientesdetarde.com\/index.php\/politica\/128237\/","title":{"rendered":"Axel Kicillof ir\u00e1 a la Justicia por la quita del Fondo de Fortalecimiento Fiscal que dispuso Javier Milei"},"content":{"rendered":"\n<p>El gobernador bonaerense reunir\u00e1 a su gabinete y se mostrar\u00e1 en conferencia de prensa con el sector comercial de la provincia de Buenos Aires.<\/p>\n\n\n\n<p>El gobernador\u00a0Axel Kicillof dar\u00e1 un duro discurso contra el Gobierno luego de que \u00a0Javier Milei\u00a0 ordenara la eliminaci\u00f3n del Fondo para el Fortalecimiento Fiscal de la provincia de Buenos Aires. El mandatario adelant\u00f3 que ir\u00e1 a la justicia en busca de que se restablezca el giro de dinero.<\/p>\n\n\n\n<p>El cruce entre<strong>\u00a0Naci\u00f3n y Provincia se da en medio de las disputas por la quita de los fondos coparticipables<\/strong>\u00a0y luego de que el jefe de Estado optara por eliminar, a trav\u00e9s del Decreto 192\/2024, el fondo que hab\u00eda sido creado bajo la administraci\u00f3n de Alberto Fern\u00e1ndez, en plena pandemia.<\/p>\n\n\n\n<p>La medida surgi\u00f3 de la quita de un punto de la coparticipaci\u00f3n a la Ciudad de Buenos Aires y fue transferida a la provincia en m\u00e1s de 30 mil millones de pesos, lo que abri\u00f3 un conflicto entre la Casa Rosada y el que era en aquel entonces jefe de Gobierno porte\u00f1o, Horacio Rodr\u00edguez Larreta.<\/p>\n\n\n\n<p>Tras la publicaci\u00f3n del decreto en el Bolet\u00edn Oficial,&nbsp;<strong>Kicillof reunir\u00e1 a su Gabinete<\/strong>, previo a la conferencia de prensa, en un encuentro que incluir\u00e1 la participaci\u00f3n del sector comercial de la provincia.<\/p>\n\n\n\n<p>Desde el entorno del gobernador bonaerense\u00a0<strong>calificaron la medida como \u201cun atropello contra los bonaerenses\u201d. Sin embargo, aclararon que\u00a0<\/strong>ni en diciembre ni en enero hab\u00edan recibido el dinero correspondiente al fondo en cuesti\u00f3n.<\/p>\n\n\n\n<h2 class=\"wp-block-heading\">Los cruces entre Naci\u00f3n y las provincias por los recursos coparticipables<\/h2>\n\n\n\n<p>Poco despu\u00e9s de que estallara el cruce entre Milei y el gobernador de Chubut por los fondos coparticipables y\u00a0la amenaza de cortar la distribuci\u00f3n de petr\u00f3leo, el exministro de Econom\u00eda hizo p\u00fablico su respaldo a Ignacio Torres, perteneciente al PRO.<\/p>\n\n\n\n<p>\u201c<strong>Nuestra solidaridad con el pueblo de Chubut.<\/strong>\u00a0Todas las provincias estamos siendo sometidas a esta \u2018extorsi\u00f3n\u2019 y el recorte de fondos. No es, como sostiene Milei, contra los gobernadores, sino contra los pueblos de las provincias\u201d, expres\u00f3 Kicillof a trav\u00e9s de su cuenta de X.<\/p>\n\n\n\n<figure class=\"wp-block-image size-large\"><img loading=\"lazy\" decoding=\"async\" width=\"1024\" height=\"295\" src=\"https:\/\/corrientesdetarde.com\/wp-content\/uploads\/2024\/02\/image-448-1024x295.png\" alt=\"\" class=\"wp-image-128238\" srcset=\"https:\/\/corrientesdetarde.com\/wp-content\/uploads\/2024\/02\/image-448-1024x295.png 1024w, https:\/\/corrientesdetarde.com\/wp-content\/uploads\/2024\/02\/image-448-300x86.png 300w, https:\/\/corrientesdetarde.com\/wp-content\/uploads\/2024\/02\/image-448-768x221.png 768w, https:\/\/corrientesdetarde.com\/wp-content\/uploads\/2024\/02\/image-448.png 1440w\" sizes=\"auto, (max-width: 1024px) 100vw, 1024px\" \/><\/figure>\n","protected":false},"excerpt":{"rendered":"<p>El gobernador bonaerense reunir\u00e1 a su gabinete y se mostrar\u00e1 en conferencia de prensa con el sector comercial de la provincia de Buenos Aires. El gobernador\u00a0Axel Kicillof dar\u00e1 un duro&hellip; <\/p>\n","protected":false},"author":8,"featured_media":128239,"comment_status":"closed","ping_status":"open","sticky":false,"template":"","format":"standard","meta":{"footnotes":""},"categories":[3],"tags":[],"class_list":["post-128237","post","type-post","status-publish","format-standard","has-post-thumbnail","hentry","category-politica"],"_links":{"self":[{"href":"https:\/\/corrientesdetarde.com\/index.php\/wp-json\/wp\/v2\/posts\/128237","targetHints":{"allow":["GET"]}}],"collection":[{"href":"https:\/\/corrientesdetarde.com\/index.php\/wp-json\/wp\/v2\/posts"}],"about":[{"href":"https:\/\/corrientesdetarde.com\/index.php\/wp-json\/wp\/v2\/types\/post"}],"author":[{"embeddable":true,"href":"https:\/\/corrientesdetarde.com\/index.php\/wp-json\/wp\/v2\/users\/8"}],"replies":[{"embeddable":true,"href":"https:\/\/corrientesdetarde.com\/index.php\/wp-json\/wp\/v2\/comments?post=128237"}],"version-history":[{"count":2,"href":"https:\/\/corrientesdetarde.com\/index.php\/wp-json\/wp\/v2\/posts\/128237\/revisions"}],"predecessor-version":[{"id":128242,"href":"https:\/\/corrientesdetarde.com\/index.php\/wp-json\/wp\/v2\/posts\/128237\/revisions\/128242"}],"wp:featuredmedia":[{"embeddable":true,"href":"https:\/\/corrientesdetarde.com\/index.php\/wp-json\/wp\/v2\/media\/128239"}],"wp:attachment":[{"href":"https:\/\/corrientesdetarde.com\/index.php\/wp-json\/wp\/v2\/media?parent=128237"}],"wp:term":[{"taxonomy":"category","embeddable":true,"href":"https:\/\/corrientesdetarde.com\/index.php\/wp-json\/wp\/v2\/categories?post=128237"},{"taxonomy":"post_tag","embeddable":true,"href":"https:\/\/corrientesdetarde.com\/index.php\/wp-json\/wp\/v2\/tags?post=128237"}],"curies":[{"name":"wp","href":"https:\/\/api.w.org\/{rel}","templated":true}]}}