{"id":128247,"date":"2024-02-26T14:35:59","date_gmt":"2024-02-26T17:35:59","guid":{"rendered":"https:\/\/corrientesdetarde.com\/?p=128247"},"modified":"2024-02-26T14:36:04","modified_gmt":"2024-02-26T17:36:04","slug":"el-ministro-de-economia-de-chubut-publico-supuestos-chats-que-contradicen-a-nacion-por-el-envio-de-fondos","status":"publish","type":"post","link":"https:\/\/corrientesdetarde.com\/index.php\/nacionales\/el-ministro-de-economia-de-chubut-publico-supuestos-chats-que-contradicen-a-nacion-por-el-envio-de-fondos\/","title":{"rendered":"El ministro de Econom\u00eda de Chubut public\u00f3 supuestos chats que contradicen a Naci\u00f3n por el env\u00edo de fondos"},"content":{"rendered":"\n<p>Facundo Ball sali\u00f3 al cruce del ministro del Interior, Guillermo Francos. Los mensajes mostrar\u00edan que la decisi\u00f3n de no enviar 13.500 millones de pesos en enero, por una deuda que la provincia tiene con el Gobierno, se relaciona con un tema pol\u00edtico.<\/p>\n\n\n\n<p>Crece la\u00a0<strong>tensi\u00f3n\u00a0<\/strong>entre\u00a0los gobiernos de Chubut y de la Naci\u00f3n por la coparticipaci\u00f3n, luego de que el ministro de Econom\u00eda provincial,\u00a0<strong>Facundo Ball,\u00a0<\/strong>publicara la captura de los chats con un funcionario de Milei.<\/p>\n\n\n\n<p>En la conversaci\u00f3n se plantea que hubo\u00a0<strong>\u201cbajada directa\u201d<\/strong>\u00a0para que les retuvieran fondos\u00a0<strong>por $13.500 millones<\/strong>\u00a0por una deuda que la provincia tiene con el Gobierno.<\/p>\n\n\n\n<p>Ball public\u00f3 la captura del chat en su cuenta de\u00a0<em>X,<\/em>\u00a0luego de que el ministro del Interior ,Guillermo Francos,\u00a0 planteara por esa misma v\u00eda: \u201cEl 22 de febrero el ministro de Econom\u00eda de Chubut me envi\u00f3 una nota solicitando una nueva operaci\u00f3n de endeudamiento consistente en la emisi\u00f3n de un\u00a0<strong>bono\u00a0<\/strong>destinado \u00edntegramente a la cancelaci\u00f3n del saldo de la deuda que mantiene la provincia con el FFDP\u201d.<\/p>\n\n\n\n<p>Francos agreg\u00f3: \u201cContrariamente a lo que dijo el vicegobernador (Gustavo Menna) le respondimos con un mail el d\u00eda 23 de febrero,&nbsp;<strong>requiri\u00e9ndole&nbsp;<\/strong>la documentaci\u00f3n necesaria para avanzar con la operaci\u00f3n de emisi\u00f3n solicitada, conforme a la normativa vigente. Estamos aguardando la respuesta\u201d. El ministro del Interior dijo: \u201cUna vez que respondan, lo analizaremos y lo enviaremos al Ministerio de Econom\u00eda como corresponde. Adjunto para mayor claridad el intercambio de notas\u201d.<\/p>\n\n\n\n<p>Tambi\u00e9n en la plataforma&nbsp;<em>X,<\/em>&nbsp;el ministro del Interior hab\u00eda mostrado un&nbsp;<strong>pedido&nbsp;<\/strong>hecho por Ball a Naci\u00f3n en reclamo de \u201cuna nueva operaci\u00f3n de endeudamiento consistente\u201d para la emisi\u00f3n de un bono destinado a \u201cla cancelaci\u00f3n del saldo de la deuda\u201d que mantiene la provincia con el Fondo Fiduciario para el Desarrollo Provincial.<\/p>\n\n\n\n<figure class=\"wp-block-image\"><img decoding=\"async\" src=\"https:\/\/tn.com.ar\/resizer\/aDfmvrbpJE0jsoebZa9xcArzLkg=\/767x0\/smart\/filters:format(webp)\/cloudfront-us-east-1.images.arcpublishing.com\/artear\/V73KDQKVYJFCFLD3IYJDO5J2DE.jpg\" alt=\"El ministro de Econom\u00eda de Chubut, Facundo Ball, sali\u00f3 al cruce del titular del Interior, Guillermo Francos (Foto: captura X @FacundoBall).\"\/><\/figure>\n\n\n\n<p>Ball sali\u00f3 al cruce de Francos: \u201cSe\u00f1or ministro, quiero agregar a sus mails para exponer las mentiras y la mala fe de su gobierno los mensajes que tengo en mi tel\u00e9fono. Y&nbsp;<strong>desmi\u00e9ntame&nbsp;<\/strong>si no le comunic\u00f3 exactamente lo mismo al gobernador dici\u00e9ndome que es pol\u00edtico y es una&nbsp;<strong>decisi\u00f3n personal&nbsp;<\/strong>de Milei\u201d.<\/p>\n\n\n\n<p>En la captura mostrada por Ball, que seg\u00fan dijo reproduce un intercambio de mensajes con un funcionario del Gobierno, se lee: \u201cHab\u00eda una bajada directa para que les retengamos FFDP. Parece que estaban enojados con dichos de tu gobernador (Torres). Esto me mandaron de Econom\u00eda, supongo que estar\u00e1s enterado\u201d.<\/p>\n\n\n\n<h2 class=\"wp-block-heading\">Crece la tensi\u00f3n entre Naci\u00f3n y Chubut por el conflicto con la coparticipaci\u00f3n<\/h2>\n\n\n\n<p>Aumenta la tensi\u00f3n entre el Gobierno y la administraci\u00f3n de Chubut, liderada por Torres, a partir de las&nbsp;<strong>advertencias&nbsp;<\/strong>del gobernador patag\u00f3nico de dejar de enviar gas y petr\u00f3leo como respuesta a la retenci\u00f3n de $13.500 millones en la coparticipaci\u00f3n, por una deuda de la provincia con Naci\u00f3n.<\/p>\n\n\n\n<figure class=\"wp-block-image\"><img decoding=\"async\" src=\"https:\/\/tn.com.ar\/resizer\/4mZr202QqQMgxnekaSnQWWWidk0=\/767x0\/smart\/filters:format(webp)\/thumbs.vodgc.net\/4C7A63CC4F9922EF9F5F11450B73C310769.jpg%3F294430\" alt=\"Video Placeholder\"\/><\/figure>\n\n\n\n<ul class=\"wp-block-list\">\n<li>El vocero presidencial,<strong>&nbsp;Manuel Adorni,<\/strong>&nbsp;plante\u00f3 en conferencia de prensa en Casa Rosada: \u201cAmenazar con cortar el combustible es una cuesti\u00f3n de&nbsp;<strong>extorsi\u00f3n,&nbsp;<\/strong>no con el Gobierno, s\u00ed con todos los argentinos, este gobierno no permite m\u00e1s caprichos de ninguna \u00edndole\u201d.<\/li>\n\n\n\n<li>Mientras que  \u00a0Chubut\u00a0demand\u00f3\u00a0al Estado Nacional\u00a0 por la retenci\u00f3n en los fondos de coparticipaci\u00f3n, en una presentaci\u00f3n en el Juzgado Federal N\u00b01 de Rawson.<\/li>\n<\/ul>\n","protected":false},"excerpt":{"rendered":"<p>Facundo Ball sali\u00f3 al cruce del ministro del Interior, Guillermo Francos. Los mensajes mostrar\u00edan que la decisi\u00f3n de no enviar 13.500 millones de pesos en enero, por una deuda que&hellip; <\/p>\n","protected":false},"author":8,"featured_media":128248,"comment_status":"closed","ping_status":"open","sticky":false,"template":"","format":"standard","meta":{"footnotes":""},"categories":[10],"tags":[],"class_list":["post-128247","post","type-post","status-publish","format-standard","has-post-thumbnail","hentry","category-nacionales"],"_links":{"self":[{"href":"https:\/\/corrientesdetarde.com\/index.php\/wp-json\/wp\/v2\/posts\/128247","targetHints":{"allow":["GET"]}}],"collection":[{"href":"https:\/\/corrientesdetarde.com\/index.php\/wp-json\/wp\/v2\/posts"}],"about":[{"href":"https:\/\/corrientesdetarde.com\/index.php\/wp-json\/wp\/v2\/types\/post"}],"author":[{"embeddable":true,"href":"https:\/\/corrientesdetarde.com\/index.php\/wp-json\/wp\/v2\/users\/8"}],"replies":[{"embeddable":true,"href":"https:\/\/corrientesdetarde.com\/index.php\/wp-json\/wp\/v2\/comments?post=128247"}],"version-history":[{"count":1,"href":"https:\/\/corrientesdetarde.com\/index.php\/wp-json\/wp\/v2\/posts\/128247\/revisions"}],"predecessor-version":[{"id":128249,"href":"https:\/\/corrientesdetarde.com\/index.php\/wp-json\/wp\/v2\/posts\/128247\/revisions\/128249"}],"wp:featuredmedia":[{"embeddable":true,"href":"https:\/\/corrientesdetarde.com\/index.php\/wp-json\/wp\/v2\/media\/128248"}],"wp:attachment":[{"href":"https:\/\/corrientesdetarde.com\/index.php\/wp-json\/wp\/v2\/media?parent=128247"}],"wp:term":[{"taxonomy":"category","embeddable":true,"href":"https:\/\/corrientesdetarde.com\/index.php\/wp-json\/wp\/v2\/categories?post=128247"},{"taxonomy":"post_tag","embeddable":true,"href":"https:\/\/corrientesdetarde.com\/index.php\/wp-json\/wp\/v2\/tags?post=128247"}],"curies":[{"name":"wp","href":"https:\/\/api.w.org\/{rel}","templated":true}]}}