{"id":128259,"date":"2024-02-26T15:17:59","date_gmt":"2024-02-26T18:17:59","guid":{"rendered":"https:\/\/corrientesdetarde.com\/?p=128259"},"modified":"2024-02-26T15:18:03","modified_gmt":"2024-02-26T18:18:03","slug":"estatales-hicieron-un-abrazo-solidario-al-inadi-contra-el-cierre","status":"publish","type":"post","link":"https:\/\/corrientesdetarde.com\/index.php\/nacionales\/estatales-hicieron-un-abrazo-solidario-al-inadi-contra-el-cierre\/","title":{"rendered":"Estatales hicieron un &#8220;abrazo solidario&#8221; al INADI contra el cierre"},"content":{"rendered":"\n<p>El Frente de Sindicatos Estatales y de Gremios de Empresas del Estado realiz\u00f3 una intervenci\u00f3n en medio del paro nacional.<\/p>\n\n\n\n<p>El&nbsp;<strong>Frente de Sindicatos Estatales y de Gremios de Empresas del Estado<\/strong>&nbsp;de Argentina, motorizado por la Asociaci\u00f3n Trabajadores del Estado (<strong>ATE<\/strong>), realiza hoy un<strong>&nbsp;paro nacional de actividades<\/strong>&nbsp;en reclamo de una &#8220;urgente&#8221; recomposici\u00f3n salarial. En ese marco, hicieron un &#8220;abrazo solidario&#8221; en rechazo al cierre del Instituto Nacional contra la Discriminaci\u00f3n la Xenofobia y el Racismo (INADI).<\/p>\n\n\n\n<p><strong>&#8220;Durante el d\u00eda se multiplicar\u00e1n las asambleas, protestas y cortes de rutas en todo el pa\u00eds&#8221;<\/strong>, dijo el secretario general de ATE,<strong>\u00a0Rodolfo Aguiar<\/strong>, quien indic\u00f3 que\u00a0<strong>&#8220;la administraci\u00f3n p\u00fablica nacional, las provinciales y municipales se encuentran afectadas por la medida de fuerza, mientras que los hospitales funcionan s\u00f3lo con guardias m\u00ednimas y los organismos de atenci\u00f3n a jubilados, como PAMI y Anses, atienden \u00fanicamente emergencias&#8221;.<\/strong><\/p>\n\n\n\n<p>M\u00e1s all\u00e1 de las acciones previstas en distintos puntos del pa\u00eds, el epicentro de la jornada nacional de lucha de ATE estuvo hoy en el&nbsp;<strong>abrazo simb\u00f3lico realizado a la sede del INADI<\/strong>, ubicada en Avenida de Mayo al 1400, en el centro porte\u00f1o, con la consigna de que el organismo &#8220;no se cierra&#8221;.<\/p>\n\n\n\n<p>Por su parte, desde la Federaci\u00f3n Sindical de Profesionales de la Salud (<strong>Fesprosa<\/strong>) se se\u00f1al\u00f3 que &#8220;los conflictos de salud en la Argentina van creciendo a medida que se deterioran los salarios y las condiciones laborales&#8221;.<\/p>\n\n\n\n<p>&#8220;El brutal ajuste que atraviesa a las provincias y a los municipios impacta de lleno en los 1700 hospitales, en las m\u00e1s de 6 mil unidades sanitarias y en el medio mill\u00f3n de trabajadores de la salud p\u00fablica de todo el pa\u00eds&#8221;, explicaron desde el Fresprosa.<\/p>\n\n\n\n<p>En tanto, el secretario general de Ate C\u00f3rdoba,<strong>&nbsp;Federico Giuliani<\/strong>, expres\u00f3 que C\u00f3rdoba &#8220;no es ajena a la realidad nacional&#8221; porque all\u00ed los estatales vienen siendo &#8220;v\u00edctimas de un ajuste feroz&#8221;.<\/p>\n\n\n\n<p>&#8220;No solamente con despidos sin causa, que se vienen dando en distintos municipios, no solamente en la provincia de C\u00f3rdoba hubo centenares de despidos, sino tambi\u00e9n a nivel de organismos nacionales&#8221;, explic\u00f3 el dirigente cordob\u00e9s <\/p>\n\n\n\n<p>En ese marco, agreg\u00f3: &#8220;Tambi\u00e9n estamos planteando que haya paritarias sin techo, no puestas en escenas que signifiquen aumentos arbitrarios que impone el Estado patr\u00f3n y que van por debajo del \u00edndice inflacionario de la Argentina&#8221;<\/p>\n\n\n\n<p>Para, Giuliani, hoy &#8220;ATE representa a trabajadores del Estado que son pobres, y muchos de ellos bajo la l\u00ednea de la indigencia&#8221;, por lo cual consider\u00f3 necesaria &#8220;una recomposici\u00f3n salarial inmediata&#8221;.<\/p>\n","protected":false},"excerpt":{"rendered":"<p>El Frente de Sindicatos Estatales y de Gremios de Empresas del Estado realiz\u00f3 una intervenci\u00f3n en medio del paro nacional. El&nbsp;Frente de Sindicatos Estatales y de Gremios de Empresas del&hellip; <\/p>\n","protected":false},"author":8,"featured_media":128260,"comment_status":"closed","ping_status":"open","sticky":false,"template":"","format":"standard","meta":{"footnotes":""},"categories":[10],"tags":[],"class_list":["post-128259","post","type-post","status-publish","format-standard","has-post-thumbnail","hentry","category-nacionales"],"_links":{"self":[{"href":"https:\/\/corrientesdetarde.com\/index.php\/wp-json\/wp\/v2\/posts\/128259","targetHints":{"allow":["GET"]}}],"collection":[{"href":"https:\/\/corrientesdetarde.com\/index.php\/wp-json\/wp\/v2\/posts"}],"about":[{"href":"https:\/\/corrientesdetarde.com\/index.php\/wp-json\/wp\/v2\/types\/post"}],"author":[{"embeddable":true,"href":"https:\/\/corrientesdetarde.com\/index.php\/wp-json\/wp\/v2\/users\/8"}],"replies":[{"embeddable":true,"href":"https:\/\/corrientesdetarde.com\/index.php\/wp-json\/wp\/v2\/comments?post=128259"}],"version-history":[{"count":1,"href":"https:\/\/corrientesdetarde.com\/index.php\/wp-json\/wp\/v2\/posts\/128259\/revisions"}],"predecessor-version":[{"id":128261,"href":"https:\/\/corrientesdetarde.com\/index.php\/wp-json\/wp\/v2\/posts\/128259\/revisions\/128261"}],"wp:featuredmedia":[{"embeddable":true,"href":"https:\/\/corrientesdetarde.com\/index.php\/wp-json\/wp\/v2\/media\/128260"}],"wp:attachment":[{"href":"https:\/\/corrientesdetarde.com\/index.php\/wp-json\/wp\/v2\/media?parent=128259"}],"wp:term":[{"taxonomy":"category","embeddable":true,"href":"https:\/\/corrientesdetarde.com\/index.php\/wp-json\/wp\/v2\/categories?post=128259"},{"taxonomy":"post_tag","embeddable":true,"href":"https:\/\/corrientesdetarde.com\/index.php\/wp-json\/wp\/v2\/tags?post=128259"}],"curies":[{"name":"wp","href":"https:\/\/api.w.org\/{rel}","templated":true}]}}