{"id":128399,"date":"2024-02-27T08:46:44","date_gmt":"2024-02-27T11:46:44","guid":{"rendered":"https:\/\/corrientesdetarde.com\/?p=128399"},"modified":"2024-02-27T09:47:54","modified_gmt":"2024-02-27T12:47:54","slug":"goya-212o-aniversario-primer-izamiento-de-nuestra-ensena-patria","status":"publish","type":"post","link":"https:\/\/corrientesdetarde.com\/index.php\/interior\/goya-212o-aniversario-primer-izamiento-de-nuestra-ensena-patria\/","title":{"rendered":"GOYA: 212\u00ba ANIVERSARIO PRIMER IZAMIENTO DE NUESTRA ENSE\u00d1A PATRIA"},"content":{"rendered":"\n<p><strong>La Municipalidad de Goya y la Asociaci\u00f3n Belgraniana invitan al acto recordatorio a realizarse este martes 27 de febrero a las 8 horas en Plaza Pl\u00e1cido Mart\u00ednez.<\/strong><\/p>\n\n\n\n<p>Para revalorizar este hecho ocurrido el 27 de febrero de 1812, en Rosario a orillas del Paran\u00e1, la entidad Belgraniana invita a la ciudadan\u00eda y comercios de Goya a embanderar la ciudad.<\/p>\n\n\n\n<p>El programa del acto conmemorativo contempla la siguiente secuencia:<\/p>\n\n\n\n<p>7,50 horas: Concentraci\u00f3n de Autoridades y p\u00fablico en general.<\/p>\n\n\n\n<p>8 horas: Izamiento de la Bandera Nacional.<\/p>\n\n\n\n<p>&nbsp;&nbsp;&nbsp;&nbsp;&nbsp;&nbsp;&nbsp;&nbsp;&nbsp;&nbsp;&nbsp;&nbsp;&nbsp;&nbsp;&nbsp;&nbsp; Entonaci\u00f3n del Himno Nacional Argentino.<\/p>\n\n\n\n<p>&nbsp;&nbsp;&nbsp;&nbsp;&nbsp;&nbsp;&nbsp;&nbsp;&nbsp;&nbsp;&nbsp;&nbsp;&nbsp;&nbsp;&nbsp;&nbsp; Palabras alusivas a cargo de la profesora Marisa Laura B\u00e1ez, vocal de la Comisi\u00f3n &nbsp;Directiva de la Asociaci\u00f3n Belgraniana Goya.<\/p>\n\n\n\n<p>&nbsp;&nbsp;&nbsp;&nbsp;&nbsp;&nbsp;&nbsp;&nbsp;&nbsp;&nbsp;&nbsp;&nbsp;&nbsp;&nbsp;&nbsp;&nbsp;&nbsp; Lectura de poes\u00eda de la asociada Alicia \u00c1rnica de Nardelli.<\/p>\n\n\n\n<p>&nbsp;&nbsp;&nbsp;&nbsp;&nbsp;&nbsp;&nbsp;&nbsp;&nbsp;&nbsp;&nbsp;&nbsp;&nbsp;&nbsp;&nbsp;&nbsp;&nbsp; Desconcentraci\u00f3n.<\/p>\n\n\n\n<p>18 horas: Arr\u00edo de la Bandera Nacional Argentina.<\/p>\n\n\n\n<figure class=\"wp-block-image size-large\"><img loading=\"lazy\" decoding=\"async\" width=\"595\" height=\"1024\" src=\"https:\/\/corrientesdetarde.com\/wp-content\/uploads\/2024\/02\/WhatsApp-Image-2024-02-27-at-8.43.59-AM-595x1024.jpeg\" alt=\"\" class=\"wp-image-128429\" srcset=\"https:\/\/corrientesdetarde.com\/wp-content\/uploads\/2024\/02\/WhatsApp-Image-2024-02-27-at-8.43.59-AM-595x1024.jpeg 595w, https:\/\/corrientesdetarde.com\/wp-content\/uploads\/2024\/02\/WhatsApp-Image-2024-02-27-at-8.43.59-AM-174x300.jpeg 174w, https:\/\/corrientesdetarde.com\/wp-content\/uploads\/2024\/02\/WhatsApp-Image-2024-02-27-at-8.43.59-AM.jpeg 673w\" sizes=\"auto, (max-width: 595px) 100vw, 595px\" \/><\/figure>\n","protected":false},"excerpt":{"rendered":"<p>La Municipalidad de Goya y la Asociaci\u00f3n Belgraniana invitan al acto recordatorio a realizarse este martes 27 de febrero a las 8 horas en Plaza Pl\u00e1cido Mart\u00ednez. Para revalorizar este&hellip; <\/p>\n","protected":false},"author":12,"featured_media":128430,"comment_status":"closed","ping_status":"open","sticky":false,"template":"","format":"standard","meta":{"footnotes":""},"categories":[1658],"tags":[],"class_list":["post-128399","post","type-post","status-publish","format-standard","has-post-thumbnail","hentry","category-interior"],"_links":{"self":[{"href":"https:\/\/corrientesdetarde.com\/index.php\/wp-json\/wp\/v2\/posts\/128399","targetHints":{"allow":["GET"]}}],"collection":[{"href":"https:\/\/corrientesdetarde.com\/index.php\/wp-json\/wp\/v2\/posts"}],"about":[{"href":"https:\/\/corrientesdetarde.com\/index.php\/wp-json\/wp\/v2\/types\/post"}],"author":[{"embeddable":true,"href":"https:\/\/corrientesdetarde.com\/index.php\/wp-json\/wp\/v2\/users\/12"}],"replies":[{"embeddable":true,"href":"https:\/\/corrientesdetarde.com\/index.php\/wp-json\/wp\/v2\/comments?post=128399"}],"version-history":[{"count":1,"href":"https:\/\/corrientesdetarde.com\/index.php\/wp-json\/wp\/v2\/posts\/128399\/revisions"}],"predecessor-version":[{"id":128431,"href":"https:\/\/corrientesdetarde.com\/index.php\/wp-json\/wp\/v2\/posts\/128399\/revisions\/128431"}],"wp:featuredmedia":[{"embeddable":true,"href":"https:\/\/corrientesdetarde.com\/index.php\/wp-json\/wp\/v2\/media\/128430"}],"wp:attachment":[{"href":"https:\/\/corrientesdetarde.com\/index.php\/wp-json\/wp\/v2\/media?parent=128399"}],"wp:term":[{"taxonomy":"category","embeddable":true,"href":"https:\/\/corrientesdetarde.com\/index.php\/wp-json\/wp\/v2\/categories?post=128399"},{"taxonomy":"post_tag","embeddable":true,"href":"https:\/\/corrientesdetarde.com\/index.php\/wp-json\/wp\/v2\/tags?post=128399"}],"curies":[{"name":"wp","href":"https:\/\/api.w.org\/{rel}","templated":true}]}}