{"id":128434,"date":"2024-02-27T09:18:27","date_gmt":"2024-02-27T12:18:27","guid":{"rendered":"https:\/\/corrientesdetarde.com\/?p=128434"},"modified":"2024-02-27T09:47:45","modified_gmt":"2024-02-27T12:47:45","slug":"bella-vista-redondeo-una-temporada-de-verano-con-gran-flujo-de-turistas","status":"publish","type":"post","link":"https:\/\/corrientesdetarde.com\/index.php\/turismo\/bella-vista-redondeo-una-temporada-de-verano-con-gran-flujo-de-turistas\/","title":{"rendered":"Bella Vista redonde\u00f3 una temporada de verano, con gran flujo de turistas"},"content":{"rendered":"\n<p>La ciudad de Bella Vista pas\u00f3 por una m\u00e1s que positiva temporada de verano, siendo uno de los destinos m\u00e1s elegidos por turistas, pese a los inconvenientes producidos por el fuerte temporal del pasado diciembre.<br>Al respecto, la secretaria de Promoci\u00f3n Tur\u00edstica del Municipio, Brenda Sc\u00f3fano resalt\u00f3 en comunicaci\u00f3n con el medio Radio Bella Vista que \u00abestamos terminando de hacer nuestros n\u00fameros\u00bb, y que \u00abcerramos los n\u00fameros de enero a pesar de la situaci\u00f3n econ\u00f3mica que atravesamos, hubo mucha gente que vino a visitar a familiares y mucha concurrencia en el parque Cruz de los Milagros\u00bb.<br>Durante la semana pasada, se realiz\u00f3 la \u00faltima salida de febrero hacia la Reserva Paleontol\u00f3gica Torop\u00ed y a Punta Cuevas, seg\u00fan detall\u00f3 la funcionaria, con visitas de gente desde Esquina, Paso de los Libres, Resistencia y Brasil.<br>Respecto a los problemas producidos por el temporal, Sc\u00f3fano resalt\u00f3 que \u00abnos vimos un poco prohibidos en algunas actividades, pero anduvimos bien dentro de todo\u00bb. \u00abNosotros tratamos de explicarles primero lo que pas\u00f3 porque ven que no est\u00e1 igual que otros a\u00f1os\u00bb, coment\u00f3.<br>\u00abTratamos de salir r\u00e1pidamente entre todas las \u00e1reas para mejorar el servicio, y todos estamos trabajando a\u00fan para dejar linda a nuestra ciudad\u00bb, explic\u00f3.<br>Y remarc\u00f3 que: \u00abTratamos de siempre llevar una buena relaci\u00f3n y que todo el Municipio acompa\u00f1e al vecino\u00bb. \u00abEl tornado nos dej\u00f3 devastados, esper\u00e1bamos la inauguraci\u00f3n de algunas obras, pero tratamos de salir adelante\u00bb, concluy\u00f3.<\/p>\n","protected":false},"excerpt":{"rendered":"<p>La ciudad de Bella Vista pas\u00f3 por una m\u00e1s que positiva temporada de verano, siendo uno de los destinos m\u00e1s elegidos por turistas, pese a los inconvenientes producidos por el&hellip; <\/p>\n","protected":false},"author":12,"featured_media":128436,"comment_status":"closed","ping_status":"open","sticky":false,"template":"","format":"standard","meta":{"footnotes":""},"categories":[1658,31],"tags":[],"class_list":["post-128434","post","type-post","status-publish","format-standard","has-post-thumbnail","hentry","category-interior","category-turismo"],"_links":{"self":[{"href":"https:\/\/corrientesdetarde.com\/index.php\/wp-json\/wp\/v2\/posts\/128434","targetHints":{"allow":["GET"]}}],"collection":[{"href":"https:\/\/corrientesdetarde.com\/index.php\/wp-json\/wp\/v2\/posts"}],"about":[{"href":"https:\/\/corrientesdetarde.com\/index.php\/wp-json\/wp\/v2\/types\/post"}],"author":[{"embeddable":true,"href":"https:\/\/corrientesdetarde.com\/index.php\/wp-json\/wp\/v2\/users\/12"}],"replies":[{"embeddable":true,"href":"https:\/\/corrientesdetarde.com\/index.php\/wp-json\/wp\/v2\/comments?post=128434"}],"version-history":[{"count":1,"href":"https:\/\/corrientesdetarde.com\/index.php\/wp-json\/wp\/v2\/posts\/128434\/revisions"}],"predecessor-version":[{"id":128437,"href":"https:\/\/corrientesdetarde.com\/index.php\/wp-json\/wp\/v2\/posts\/128434\/revisions\/128437"}],"wp:featuredmedia":[{"embeddable":true,"href":"https:\/\/corrientesdetarde.com\/index.php\/wp-json\/wp\/v2\/media\/128436"}],"wp:attachment":[{"href":"https:\/\/corrientesdetarde.com\/index.php\/wp-json\/wp\/v2\/media?parent=128434"}],"wp:term":[{"taxonomy":"category","embeddable":true,"href":"https:\/\/corrientesdetarde.com\/index.php\/wp-json\/wp\/v2\/categories?post=128434"},{"taxonomy":"post_tag","embeddable":true,"href":"https:\/\/corrientesdetarde.com\/index.php\/wp-json\/wp\/v2\/tags?post=128434"}],"curies":[{"name":"wp","href":"https:\/\/api.w.org\/{rel}","templated":true}]}}