{"id":128475,"date":"2024-02-27T11:07:15","date_gmt":"2024-02-27T14:07:15","guid":{"rendered":"https:\/\/corrientesdetarde.com\/?p=128475"},"modified":"2024-02-27T11:07:26","modified_gmt":"2024-02-27T14:07:26","slug":"romina-malaspina-deslumbro-con-un-look-noche-con-transparencias-encaje-y-tachas-fit-check","status":"publish","type":"post","link":"https:\/\/corrientesdetarde.com\/index.php\/espectaculos\/romina-malaspina-deslumbro-con-un-look-noche-con-transparencias-encaje-y-tachas-fit-check\/","title":{"rendered":"Romina Malaspina deslumbr\u00f3 con un look noche con transparencias, encaje y tachas: \u201cFit check\u201c"},"content":{"rendered":"\n<p><strong>Romina Malaspina<\/strong>\u00a0es una de las<em>\u00a0it girls<\/em>\u00a0argentinas m\u00e1s activas en<strong>\u00a0Instagram<\/strong>, plataforma que usa para mantener el contacto con sus seguidores y compartir su d\u00eda a d\u00eda. En las \u00faltimas horas, la DJ se mostr\u00f3 con un<strong>\u00a0look noche en total\u00a0<\/strong><em><strong>black<\/strong><\/em>\u00a0cargado de<strong>\u00a0sensualidad<\/strong>\u00a0y<strong>\u00a0audacia<\/strong>.<\/p>\n\n\n\n<p>Para las c\u00e1maras, la rubia se luci\u00f3 con un equipo completamente negro de los pies a la cabeza. Llev\u00f3 un conjunto de<em><strong>\u00a0top strapless\u00a0<\/strong><\/em><strong>y pantal\u00f3n de encaje de tiro bajo con tajo en los laterales<\/strong>. Por supuesto, acompa\u00f1\u00f3 la apuesta con accesorios de alto impacto.<\/p>\n\n\n\n<figure class=\"wp-block-image\"><img decoding=\"async\" src=\"https:\/\/tn.com.ar\/resizer\/f4_72Yoah23GPa6OSPG3B0813jE=\/767x0\/smart\/filters:format(webp)\/cloudfront-us-east-1.images.arcpublishing.com\/artear\/XQQQBVNOWJFHLI4KCCD3P6C64M.jpg\" alt=\"Romina Malaspina marc\u00f3 tendencia con su look. (Foto: Instagram\/@romimalaspina).\"\/><figcaption class=\"wp-element-caption\">Romina Malaspina marc\u00f3 tendencia con su look. (Foto: Instagram\/@romimalaspina).<\/figcaption><\/figure>\n\n\n\n<p>\u00bfLos complementos? Un par de&nbsp;<strong>lentes de sol de inspiraci\u00f3n vintage<\/strong>, un&nbsp;<em><strong>choker&nbsp;<\/strong><\/em><strong>con aplique de flor<\/strong>&nbsp;y un&nbsp;<strong>cinto XXL bien ancho con tachas plateadas<\/strong>. Adem\u00e1s, sum\u00f3 un par de aros tipo argolla plateados con<em>&nbsp;strass<\/em>&nbsp;y pulseras del mismo estilo.<\/p>\n\n\n\n<p>El<em>&nbsp;beauty look<\/em>&nbsp;acompa\u00f1\u00f3 el look con ojos maquillados con&nbsp;<strong>delineado estilo&nbsp;<\/strong><em><strong>cat eye<\/strong><\/em><strong>&nbsp;en total&nbsp;<\/strong><em><strong>black<\/strong><\/em>&nbsp;que complement\u00f3 con&nbsp;<strong>sombras en tonalidades rojizas&nbsp;<\/strong>para la zona de los p\u00e1rpados y m\u00e1scara de pesta\u00f1as en negro azabache. Sum\u00f3 tambi\u00e9n al maquillaje iluminadores en ciertas partes de la cara, algo de rubor rosado en las mejillas,&nbsp;<em>contouring<\/em>&nbsp;para los p\u00f3mulos y un&nbsp;<em><strong>lipgloss<\/strong><\/em><strong>&nbsp;con un leve pigmento rojizo<\/strong>.<\/p>\n\n\n\n<figure class=\"wp-block-image\"><img decoding=\"async\" src=\"https:\/\/tn.com.ar\/resizer\/OKP_j8ckTbehTbRte_BAafcMKug=\/767x0\/smart\/filters:format(webp)\/cloudfront-us-east-1.images.arcpublishing.com\/artear\/GLBMNPXVPNDBJFBX5GHCNJXQPA.jpg\" alt=\"Romina Malaspina con look total black. (Foto: Instagram\/@romimalaspina).\"\/><figcaption class=\"wp-element-caption\">Romina Malaspina con look total black. (Foto: Instagram\/@romimalaspina).<\/figcaption><\/figure>\n\n\n\n<p>En el pie de foto de la publicaci\u00f3n, la&nbsp;<em>it girl<\/em>&nbsp;escribi\u00f3: \u201c<em><strong>Fit check<\/strong><\/em>\u201d, seguido de un emoji de claqueta de cine. R\u00e1pidamente, el posteo se llen\u00f3 de \u201cMe gusta\u201d y comentarios por parte de los usuarios de la aplicaci\u00f3n de fotos.<\/p>\n\n\n\n<figure class=\"wp-block-image\"><img decoding=\"async\" src=\"https:\/\/tn.com.ar\/resizer\/wOxCWwHxC2yvwTioiUPN2vl0uY8=\/767x0\/smart\/filters:format(webp)\/cloudfront-us-east-1.images.arcpublishing.com\/artear\/SKKWXCJQNRD5NERRNGOP5YTP5I.jpg\" alt=\"Romina Malaspina, a puro estilo. (Foto: Instagram\/@romimalaspina).\"\/><figcaption class=\"wp-element-caption\">Romina Malaspina, a puro estilo. (Foto: Instagram\/@romimalaspina).<\/figcaption><\/figure>\n\n\n\n<h2 class=\"wp-block-heading\">Romina Malaspina en lencer\u00eda de inspiraci\u00f3n Lolita<\/h2>\n\n\n\n<p>Semanas atr\u00e1s, Romina Malaspina se mostr\u00f3 en sus historias de Instagram con un&nbsp;<strong>conjunto de lencer\u00eda de inspiraci\u00f3n Lolita&nbsp;<\/strong>y fue furor en la aplicaci\u00f3n de fotos. \u00bfLos detalles de la dupla? Llev\u00f3 puesto un&nbsp;<strong>corset con taza, mo\u00f1o en el centro de la molder\u00eda y arandelas met\u00e1licas plateadas en forma de coraz\u00f3n<\/strong>.<\/p>\n\n\n\n<p>Lo combin\u00f3 con una<strong>&nbsp;microtanga&nbsp;<\/strong><em><strong>colaless<\/strong><\/em><strong>&nbsp;diminuta con aberturas&nbsp;<\/strong><em><strong>cut out<\/strong><\/em><strong>, doble tiritas de ajuste y arandelas del mismo estilo<\/strong>. Adem\u00e1s, ambas piezas est\u00e1n confeccionadas a partir de&nbsp;<strong>recortes de encaje<\/strong>. Por encima de la ropa interior, se puso una<strong>&nbsp;bata de sat\u00e9n rosada con detalles de encaje off white en los pu\u00f1os<\/strong>.<\/p>\n\n\n\n<figure class=\"wp-block-image\"><img decoding=\"async\" src=\"https:\/\/tn.com.ar\/resizer\/2LrsOUJGLHHSes82SLLyxy8gY7g=\/767x0\/smart\/filters:format(webp)\/cloudfront-us-east-1.images.arcpublishing.com\/artear\/SCIZCSBVGNBURPF6K6PHOY3C6A.jpg\" alt=\"Romina Malaspina con lencer\u00eda rosa. (Foto: Instagram\/@romimalaspina).\"\/><figcaption class=\"wp-element-caption\">Romina Malaspina con lencer\u00eda rosa. (Foto: Instagram\/@romimalaspina).<\/figcaption><\/figure>\n\n\n\n<p>Fiel a su estilo, acompa\u00f1\u00f3 la apuesta de moda con un&nbsp;<em>make up&nbsp;<\/em>de alto impacto a base de un&nbsp;<strong>megadelineado estilo&nbsp;<\/strong><em><strong>cat eye<\/strong><\/em><strong>&nbsp;en total&nbsp;<\/strong><em><strong>black<\/strong><\/em>&nbsp;que complement\u00f3 con m\u00e1scara de pesta\u00f1as haciendo juego, iluminadores en ciertas partes de la cara, rubor rosado en las mejillas y un&nbsp;<em><strong>lipgloss<\/strong><\/em><strong>&nbsp;con un leve pigmento rosado<\/strong>.<\/p>\n","protected":false},"excerpt":{"rendered":"<p>Romina Malaspina\u00a0es una de las\u00a0it girls\u00a0argentinas m\u00e1s activas en\u00a0Instagram, plataforma que usa para mantener el contacto con sus seguidores y compartir su d\u00eda a d\u00eda. En las \u00faltimas horas, la&hellip; <\/p>\n","protected":false},"author":12,"featured_media":128496,"comment_status":"closed","ping_status":"open","sticky":false,"template":"","format":"standard","meta":{"footnotes":""},"categories":[19],"tags":[],"class_list":["post-128475","post","type-post","status-publish","format-standard","has-post-thumbnail","hentry","category-espectaculos"],"_links":{"self":[{"href":"https:\/\/corrientesdetarde.com\/index.php\/wp-json\/wp\/v2\/posts\/128475","targetHints":{"allow":["GET"]}}],"collection":[{"href":"https:\/\/corrientesdetarde.com\/index.php\/wp-json\/wp\/v2\/posts"}],"about":[{"href":"https:\/\/corrientesdetarde.com\/index.php\/wp-json\/wp\/v2\/types\/post"}],"author":[{"embeddable":true,"href":"https:\/\/corrientesdetarde.com\/index.php\/wp-json\/wp\/v2\/users\/12"}],"replies":[{"embeddable":true,"href":"https:\/\/corrientesdetarde.com\/index.php\/wp-json\/wp\/v2\/comments?post=128475"}],"version-history":[{"count":1,"href":"https:\/\/corrientesdetarde.com\/index.php\/wp-json\/wp\/v2\/posts\/128475\/revisions"}],"predecessor-version":[{"id":128497,"href":"https:\/\/corrientesdetarde.com\/index.php\/wp-json\/wp\/v2\/posts\/128475\/revisions\/128497"}],"wp:featuredmedia":[{"embeddable":true,"href":"https:\/\/corrientesdetarde.com\/index.php\/wp-json\/wp\/v2\/media\/128496"}],"wp:attachment":[{"href":"https:\/\/corrientesdetarde.com\/index.php\/wp-json\/wp\/v2\/media?parent=128475"}],"wp:term":[{"taxonomy":"category","embeddable":true,"href":"https:\/\/corrientesdetarde.com\/index.php\/wp-json\/wp\/v2\/categories?post=128475"},{"taxonomy":"post_tag","embeddable":true,"href":"https:\/\/corrientesdetarde.com\/index.php\/wp-json\/wp\/v2\/tags?post=128475"}],"curies":[{"name":"wp","href":"https:\/\/api.w.org\/{rel}","templated":true}]}}