{"id":128477,"date":"2024-02-27T11:00:18","date_gmt":"2024-02-27T14:00:18","guid":{"rendered":"https:\/\/corrientesdetarde.com\/?p=128477"},"modified":"2024-02-27T11:00:29","modified_gmt":"2024-02-27T14:00:29","slug":"renuncio-sebastian-garcia-de-luca-un-asesor-clave-de-patricia-bullrich-en-el-ministerio-de-seguridad","status":"publish","type":"post","link":"https:\/\/corrientesdetarde.com\/index.php\/politica\/renuncio-sebastian-garcia-de-luca-un-asesor-clave-de-patricia-bullrich-en-el-ministerio-de-seguridad\/","title":{"rendered":"Renunci\u00f3 Sebasti\u00e1n Garc\u00eda de Luca, un asesor clave de Patricia Bullrich en el Ministerio de Seguridad"},"content":{"rendered":"\n<p>Pasadas las 9 de la ma\u00f1ana de este lunes,&nbsp;<strong>un asesor clave de Patricia Bullrich<\/strong>&nbsp;sorprendi\u00f3 con un mensaje en sus redes sociales. Se trata de&nbsp;<strong>Sebasti\u00e1n Garc\u00eda de Luca<\/strong>, quien decidi\u00f3&nbsp;<strong>renunciar a su cargo<\/strong>&nbsp;en el Ministerio de Seguridad.<\/p>\n\n\n\n<p>\u201c<strong>Un placer acompa\u00f1arte hasta ac\u00e1 Patricia Bullrich.<\/strong>\u00a0Gracias por tu confianza. Sos una gran dirigente y mejor persona\u201d, escribi\u00f3 Garc\u00eda de Luca.<\/p>\n\n\n\n<p>Entre sus tareas, el exfuncionario&nbsp;<strong>manten\u00eda un v\u00ednculo fluido con gobernadores e intendentes<\/strong>, a quienes les hac\u00eda llegar las pol\u00edticas que llevaba a cabo el Ministerio de Seguridad.<\/p>\n\n\n\n<figure class=\"wp-block-image\"><img decoding=\"async\" src=\"https:\/\/tn.com.ar\/resizer\/RvNHoE66bs_7IyuFycJaV1tLnp0=\/767x0\/smart\/filters:format(webp)\/cloudfront-us-east-1.images.arcpublishing.com\/artear\/BCN4TXQFDJEJ5LWRJD5CT4OTZY.jpeg\" alt=\"El mensaje que public\u00f3 el exfuncionario en las redes (Foto: X @SebastiangdlCh).\"\/><figcaption class=\"wp-element-caption\">El mensaje que public\u00f3 el exfuncionario en las redes (Foto: X @SebastiangdlCh).<\/figcaption><\/figure>\n\n\n\n<p>\u201cSigo convencido del cambio que necesita nuestro pa\u00eds, con responsabilidad, respeto y federalismo\u201d, sostuvo Garc\u00eda de Luca.<\/p>\n\n\n\n<p>Su renuncia se dio\u00a0en medio de la disputa entre los gobernadores y el Gobierno.\u00a0Garc\u00eda de Luca, quien\u00a0<strong>fue jefe de campa\u00f1a de Juntos por el Cambio en la provincia de Buenos Aires en las elecciones de 2023<\/strong>, fue electo en 2019 como diputado nacional.<\/p>\n\n\n\n<p>El nacido en Chivilcoy comenz\u00f3 su carrera justamente en la provincia de Buenos Aires, precisamente como&nbsp;<strong>secretario privado del entonces gobernador Felipe Sol\u00e1.<\/strong>&nbsp;Garc\u00eda de Luca tambi\u00e9n fue asesor de Mart\u00edn Lousteau cuando \u00e9ste era el ministro de Econom\u00eda de la Naci\u00f3n.<\/p>\n\n\n\n<figure class=\"wp-block-image\"><img decoding=\"async\" src=\"https:\/\/tn.com.ar\/resizer\/C2KD5xeAdoZtHGlwE0Q_etrhn8Q=\/767x0\/smart\/filters:format(webp)\/cloudfront-us-east-1.images.arcpublishing.com\/artear\/SMECMBKK6BHCZI3WESNXLZ7GKI.jpeg\" alt=\"Garc\u00eda de Luca fue el jefe de campa\u00f1a de Patricia Bullrich en la provincia de Buenos Aires (Foto X @SebastiangdlCh).\"\/><figcaption class=\"wp-element-caption\">Garc\u00eda de Luca fue el jefe de campa\u00f1a de Patricia Bullrich en la provincia de Buenos Aires (Foto X @SebastiangdlCh).<\/figcaption><\/figure>\n\n\n\n<p>El 10 de diciembre de 2011 es designado Director General de la Direcci\u00f3n General Relaciones con las Provincias y Municipios en el&nbsp;Gobierno de la Ciudad de Buenos Aires.&nbsp;<strong>Renunci\u00f3 a ese cargo dos a\u00f1os m\u00e1s tarde.<\/strong><\/p>\n\n\n\n<p>Hombre cercano a Rogelio Frigerio, trabaj\u00f3 con el gobernador de Entre R\u00edos en el Ministerio de Interior de la Naci\u00f3n:&nbsp;<strong>Garc\u00eda de Luca fue designado en 2015 como Secretario del Interior.<\/strong><\/p>\n","protected":false},"excerpt":{"rendered":"<p>Pasadas las 9 de la ma\u00f1ana de este lunes,&nbsp;un asesor clave de Patricia Bullrich&nbsp;sorprendi\u00f3 con un mensaje en sus redes sociales. Se trata de&nbsp;Sebasti\u00e1n Garc\u00eda de Luca, quien decidi\u00f3&nbsp;renunciar a&hellip; <\/p>\n","protected":false},"author":12,"featured_media":128492,"comment_status":"closed","ping_status":"open","sticky":false,"template":"","format":"standard","meta":{"footnotes":""},"categories":[3],"tags":[],"class_list":["post-128477","post","type-post","status-publish","format-standard","has-post-thumbnail","hentry","category-politica"],"_links":{"self":[{"href":"https:\/\/corrientesdetarde.com\/index.php\/wp-json\/wp\/v2\/posts\/128477","targetHints":{"allow":["GET"]}}],"collection":[{"href":"https:\/\/corrientesdetarde.com\/index.php\/wp-json\/wp\/v2\/posts"}],"about":[{"href":"https:\/\/corrientesdetarde.com\/index.php\/wp-json\/wp\/v2\/types\/post"}],"author":[{"embeddable":true,"href":"https:\/\/corrientesdetarde.com\/index.php\/wp-json\/wp\/v2\/users\/12"}],"replies":[{"embeddable":true,"href":"https:\/\/corrientesdetarde.com\/index.php\/wp-json\/wp\/v2\/comments?post=128477"}],"version-history":[{"count":1,"href":"https:\/\/corrientesdetarde.com\/index.php\/wp-json\/wp\/v2\/posts\/128477\/revisions"}],"predecessor-version":[{"id":128493,"href":"https:\/\/corrientesdetarde.com\/index.php\/wp-json\/wp\/v2\/posts\/128477\/revisions\/128493"}],"wp:featuredmedia":[{"embeddable":true,"href":"https:\/\/corrientesdetarde.com\/index.php\/wp-json\/wp\/v2\/media\/128492"}],"wp:attachment":[{"href":"https:\/\/corrientesdetarde.com\/index.php\/wp-json\/wp\/v2\/media?parent=128477"}],"wp:term":[{"taxonomy":"category","embeddable":true,"href":"https:\/\/corrientesdetarde.com\/index.php\/wp-json\/wp\/v2\/categories?post=128477"},{"taxonomy":"post_tag","embeddable":true,"href":"https:\/\/corrientesdetarde.com\/index.php\/wp-json\/wp\/v2\/tags?post=128477"}],"curies":[{"name":"wp","href":"https:\/\/api.w.org\/{rel}","templated":true}]}}