{"id":128567,"date":"2024-02-27T14:37:25","date_gmt":"2024-02-27T17:37:25","guid":{"rendered":"https:\/\/corrientesdetarde.com\/?p=128567"},"modified":"2024-02-27T14:37:37","modified_gmt":"2024-02-27T17:37:37","slug":"milei-prohibira-el-uso-del-lenguaje-inclusivo-en-toda-la-administracion-publica-nacional","status":"publish","type":"post","link":"https:\/\/corrientesdetarde.com\/index.php\/nacionales\/milei-prohibira-el-uso-del-lenguaje-inclusivo-en-toda-la-administracion-publica-nacional\/","title":{"rendered":"Milei prohibir\u00e1 el uso del lenguaje inclusivo en toda la administraci\u00f3n p\u00fablica nacional"},"content":{"rendered":"\n<p>Lo confirm\u00f3 el vocero presidencial Manuel Adorni en su habitual conferencia de prensa. La medida fue dispuesta inicialmente en las Fuerzas Armadas y se extender\u00e1 al resto de las dependencias del Gobierno<\/p>\n\n\n\n<p> El vocero presidencial\u00a0Manuel Adorni\u00a0anunci\u00f3 que el presidente\u00a0Javier Milei\u00a0\u201ciniciar\u00e1 las actuaciones para\u00a0prohibir el lenguaje inclusivo\u00a0y la <strong>perspectiva de g\u00e9nero\u00a0<\/strong>en toda la Administraci\u00f3n P\u00fablica Nacional\u201d. La medida fue dispuesta inicialmente en las Fuerzas Armadas y se extender\u00e1 al resto de las dependencias del Gobierno.<\/p>\n\n\n\n<p>El portavoz, en su habitual conferencia de prensa en Casa Rosada, dijo que\u00a0<strong>\u201cno se van a poder utilizar la letra e, el @, la x\u201d\u00a0<\/strong>y que se evitar\u00e1 \u201c<strong>la innecesaria inclusi\u00f3n del femenino<\/strong>\u00a0en todos los documentos\u201d.<\/p>\n\n\n\n<p>En el mismo sentido, sostuvo que \u201cel lenguaje que contempla a todos los sectores es el espa\u00f1ol\u201d y argument\u00f3 sobre la medida: \u201cConsideramos que las perspectivas de g\u00e9nero se usaron como&nbsp;<strong>negocio de la pol\u00edtica<\/strong>,para nosotros esto no tiene discusi\u00f3n\u201d. Adem\u00e1s, reiter\u00f3 que la medida&nbsp;<strong>\u201cse extender\u00e1 al resto de las dependencias\u201d.<\/strong><\/p>\n\n\n\n<p>Esta postura viene de la mano de los sucedido el fin de semana cuando el\u00a0Ministerio de Defensa de la Naci\u00f3n\u00a0 <strong>anunci\u00f3 la prohibici\u00f3n del uso del lenguaje inclusivo en las Fuerzas Armadas\u00a0<\/strong>y en todos los organismos descentralizados que dependen de la cartera. A su vez, advirti\u00f3 que los integrantes de las fuerzas militares\u00a0<strong>podr\u00edan sufrir sanciones por infringir las normas.<\/strong><\/p>\n\n\n\n<figure class=\"wp-block-image\"><img decoding=\"async\" src=\"https:\/\/tn.com.ar\/resizer\/PTb9f4D1MBN0R-7GeNugkZT1vO0=\/767x0\/smart\/filters:format(webp)\/thumbs.vodgc.net\/1-14516-1nn6551709044240266.jpg%3F508815\" alt=\"Video Placeholder\"\/><\/figure>\n\n\n\n<p>La resoluci\u00f3n fue firmada en las \u00faltimas horas del viernes por el ministro<strong>&nbsp;Luis Petri<\/strong>&nbsp;y las modificaciones que realiza&nbsp;<strong>se ampara en las coincidencias con las normas impuestas por la Constituci\u00f3n Nacional,<\/strong>&nbsp;la Ley N\u00b0 23.554 de Defensa Nacional, el Diccionario para la Acci\u00f3n Militar Conjunta y el Glosario de definiciones y abreviaturas<\/p>\n\n\n\n<p>El escrito advirti\u00f3 que aquellos integrantes de las fuerzas que utilicen t\u00e9rminos como&nbsp;<strong>\u201cgenerala\u201d, \u201csargenta\u201d, \u201csoldada\u201d o \u201ccaba\u201d podr\u00edan ser sancionados&nbsp;<\/strong>por incumplir las normas. \u201cLa persona que incumpliera con las reglas de comportamiento ser\u00e1 pasible de incurrir en responsabilidad en sus respectivos \u00e1mbitos\u201d, se\u00f1alaron.<\/p>\n\n\n\n<p>La resoluci\u00f3n\u00a0<strong>no especifica cu\u00e1l ser\u00eda la sanci\u00f3n<\/strong>\u00a0que podr\u00eda aplicarse contra los infractores, pero s\u00ed aclara que la medida rige a partir del viernes pasado -d\u00eda en el que fue firmada- por lo que las sanciones podr\u00edan comenzar a aparecer.<\/p>\n\n\n\n<p>Desde el Ministerio de Defensa adelantaron que se pondr\u00e1 en marcha<strong>&nbsp;una campa\u00f1a de difusi\u00f3n sobre el cambio en el uso del lenguaje<\/strong>&nbsp;y aclararon que el personal ser\u00e1 capacitado para que el nuevo c\u00f3digo se implemente de manera efectiva.<\/p>\n\n\n\n<p>La medida&nbsp;<strong>no sorprendi\u00f3 dentro de la c\u00fapula militar<\/strong>, dado que desde que lleg\u00f3 la nueva gesti\u00f3n al ministerio se hab\u00eda adelantado la posibilidad de cambiar este aspecto del c\u00f3digo entre una de las primeras decisiones que se iban a tomar.<\/p>\n\n\n\n<p>La pol\u00edtica se desprende de un \u201cplan de reordenamiento de las Fuerzas Armadas\u201d. Desde la cartera que comanda el excandidato a vicepresidente se\u00f1alaron que \u201chay un vocabulario militar a cumplir\u201d y que&nbsp;<strong>la eliminaci\u00f3n del lenguaje inclusivo servir\u00e1 \u201cpara reforzar la disciplina\u201d.<\/strong><\/p>\n","protected":false},"excerpt":{"rendered":"<p>Lo confirm\u00f3 el vocero presidencial Manuel Adorni en su habitual conferencia de prensa. La medida fue dispuesta inicialmente en las Fuerzas Armadas y se extender\u00e1 al resto de las dependencias&hellip; <\/p>\n","protected":false},"author":8,"featured_media":128568,"comment_status":"closed","ping_status":"open","sticky":false,"template":"","format":"standard","meta":{"footnotes":""},"categories":[10],"tags":[],"class_list":["post-128567","post","type-post","status-publish","format-standard","has-post-thumbnail","hentry","category-nacionales"],"_links":{"self":[{"href":"https:\/\/corrientesdetarde.com\/index.php\/wp-json\/wp\/v2\/posts\/128567","targetHints":{"allow":["GET"]}}],"collection":[{"href":"https:\/\/corrientesdetarde.com\/index.php\/wp-json\/wp\/v2\/posts"}],"about":[{"href":"https:\/\/corrientesdetarde.com\/index.php\/wp-json\/wp\/v2\/types\/post"}],"author":[{"embeddable":true,"href":"https:\/\/corrientesdetarde.com\/index.php\/wp-json\/wp\/v2\/users\/8"}],"replies":[{"embeddable":true,"href":"https:\/\/corrientesdetarde.com\/index.php\/wp-json\/wp\/v2\/comments?post=128567"}],"version-history":[{"count":1,"href":"https:\/\/corrientesdetarde.com\/index.php\/wp-json\/wp\/v2\/posts\/128567\/revisions"}],"predecessor-version":[{"id":128569,"href":"https:\/\/corrientesdetarde.com\/index.php\/wp-json\/wp\/v2\/posts\/128567\/revisions\/128569"}],"wp:featuredmedia":[{"embeddable":true,"href":"https:\/\/corrientesdetarde.com\/index.php\/wp-json\/wp\/v2\/media\/128568"}],"wp:attachment":[{"href":"https:\/\/corrientesdetarde.com\/index.php\/wp-json\/wp\/v2\/media?parent=128567"}],"wp:term":[{"taxonomy":"category","embeddable":true,"href":"https:\/\/corrientesdetarde.com\/index.php\/wp-json\/wp\/v2\/categories?post=128567"},{"taxonomy":"post_tag","embeddable":true,"href":"https:\/\/corrientesdetarde.com\/index.php\/wp-json\/wp\/v2\/tags?post=128567"}],"curies":[{"name":"wp","href":"https:\/\/api.w.org\/{rel}","templated":true}]}}