{"id":128603,"date":"2024-02-27T15:53:18","date_gmt":"2024-02-27T18:53:18","guid":{"rendered":"https:\/\/corrientesdetarde.com\/?p=128603"},"modified":"2024-02-27T15:53:30","modified_gmt":"2024-02-27T18:53:30","slug":"andres-manuel-lopez-obrador-descarto-de-cuajo-recibir-a-javier-milei-en-mexico-eso-si-que-no","status":"publish","type":"post","link":"https:\/\/corrientesdetarde.com\/index.php\/internacionales\/andres-manuel-lopez-obrador-descarto-de-cuajo-recibir-a-javier-milei-en-mexico-eso-si-que-no\/","title":{"rendered":"Andr\u00e9s Manuel L\u00f3pez Obrador descart\u00f3 de cuajo recibir a Javier Milei en M\u00e9xico: \u201cEso s\u00ed que no\u201d"},"content":{"rendered":"\n<p>Una legisladora opositora mexicana invit\u00f3 al presidente argentino a visitar el Senado de su pa\u00eds. La reacci\u00f3n del mandatario azteca.<\/p>\n\n\n\n<p>   Andr\u00e9s L\u00f3pez Obrador\u00a0no quiere saber nada con\u00a0Javier Milei. Primero\u00a0compar\u00f3 su triunfo en el balotaje con el ascenso de Adolf Hitler al poder\u00a0y luego lo tild\u00f3 de \u201cfacho conservador\u201d . Este martes, demostr\u00f3 todo su encono al descartar de cuajo la posibilidad de recibirlo en M\u00e9xico en caso de que su hom\u00f3logo argentino acepte una invitaci\u00f3n de una senadora opositora.<\/p>\n\n\n\n<p>\u201cEs no. Eso s\u00ed que no\u201d, asegur\u00f3 el mandatario mexicano durante su conferencia de prensa matutina.<\/p>\n\n\n\n<p>L\u00f3pez Obrador reaccion\u00f3 as\u00ed despu\u00e9s que un periodista le pregunt\u00f3 si se reunir\u00eda con Milei en caso de que el presidente argentino aceptara la invitaci\u00f3n de visitar el Senado mexicano que le hizo la senadora del opositor Partido Acci\u00f3n Nacional (PAN)&nbsp;<strong>Lilly T\u00e9llez<\/strong>.<\/p>\n\n\n\n<h2 class=\"wp-block-heading\">\u201cNo est\u00e1 en agenda\u201d: la reacci\u00f3n de L\u00f3pez Obrador<\/h2>\n\n\n\n<p>L\u00f3pez Obrador le dese\u00f3 enseguida a la senadora T\u00e9llez que le vaya \u201cmuy bien\u201d con sus invitados y manifest\u00f3 que no tienen pensado recibir a ning\u00fan presidente o jefe de Estado.<\/p>\n\n\n\n<p>\u201cNo est\u00e1 en la agenda\u201d, apunt\u00f3, citado por&nbsp;<em>EFE<\/em>.<\/p>\n\n\n\n<figure class=\"wp-block-image\"><img decoding=\"async\" src=\"https:\/\/tn.com.ar\/resizer\/pyK3cf6z_S1LVVNkKaQyYca-Y6k=\/767x0\/smart\/filters:format(webp)\/cloudfront-us-east-1.images.arcpublishing.com\/artear\/L4SZUEXDSGNLPCKNC623AD7C2U.jpg\" alt=\"Javier Milei recibi\u00f3 una invitaci\u00f3n para visitar el Senado mexicano (Foto: REUTERS\/Agustin Marcarian)\"\/><\/figure>\n\n\n\n<p>T\u00e9llez invit\u00f3 a Milei para que visite el Senado mexicano y mantenga con los legisladores un di\u00e1logo sobre las diferentes problem\u00e1ticas que enfrentan ambas naciones.<\/p>\n\n\n\n<p>La senadora mexicana entreg\u00f3 la invitaci\u00f3n el lunes a la encargada de negocios de la embajada de Argentina en M\u00e9xico,\u00a0<strong>Romina Bocache<\/strong>.<\/p>\n\n\n\n<p>Al respecto, L\u00f3pez Obrador sostuvo que \u201cla mejor pol\u00edtica exterior es la interior. Primero la casa, no se puede ser candil de la calle y oscuridad de la casa\u201d, enfatiz\u00f3.<\/p>\n\n\n\n<p>Adem\u00e1s, se\u00f1al\u00f3 que T\u00e9llez y la candidata presidencial opositora,&nbsp;<strong>X\u00f3chitl G\u00e1lvez<\/strong>, se identifican con el pensamiento conservador de Milei y otros pol\u00edticos extranjeros como el expremier espa\u00f1ol&nbsp;<strong>Jos\u00e9 Mar\u00eda Aznar<\/strong>&nbsp;y el titular de Vox&nbsp;<strong>Santiago Abascal<\/strong>, adem\u00e1s del escritor&nbsp;<strong>Mario Vargas Llosa<\/strong>.<\/p>\n\n\n\n<p>L\u00f3pez Obrador mantuvo una aceitada relaci\u00f3n con el expresidente Alberto Fern\u00e1ndez.<\/p>\n","protected":false},"excerpt":{"rendered":"<p>Una legisladora opositora mexicana invit\u00f3 al presidente argentino a visitar el Senado de su pa\u00eds. La reacci\u00f3n del mandatario azteca. Andr\u00e9s L\u00f3pez Obrador\u00a0no quiere saber nada con\u00a0Javier Milei. Primero\u00a0compar\u00f3 su&hellip; <\/p>\n","protected":false},"author":8,"featured_media":128604,"comment_status":"closed","ping_status":"open","sticky":false,"template":"","format":"standard","meta":{"footnotes":""},"categories":[11],"tags":[],"class_list":["post-128603","post","type-post","status-publish","format-standard","has-post-thumbnail","hentry","category-internacionales"],"_links":{"self":[{"href":"https:\/\/corrientesdetarde.com\/index.php\/wp-json\/wp\/v2\/posts\/128603","targetHints":{"allow":["GET"]}}],"collection":[{"href":"https:\/\/corrientesdetarde.com\/index.php\/wp-json\/wp\/v2\/posts"}],"about":[{"href":"https:\/\/corrientesdetarde.com\/index.php\/wp-json\/wp\/v2\/types\/post"}],"author":[{"embeddable":true,"href":"https:\/\/corrientesdetarde.com\/index.php\/wp-json\/wp\/v2\/users\/8"}],"replies":[{"embeddable":true,"href":"https:\/\/corrientesdetarde.com\/index.php\/wp-json\/wp\/v2\/comments?post=128603"}],"version-history":[{"count":1,"href":"https:\/\/corrientesdetarde.com\/index.php\/wp-json\/wp\/v2\/posts\/128603\/revisions"}],"predecessor-version":[{"id":128605,"href":"https:\/\/corrientesdetarde.com\/index.php\/wp-json\/wp\/v2\/posts\/128603\/revisions\/128605"}],"wp:featuredmedia":[{"embeddable":true,"href":"https:\/\/corrientesdetarde.com\/index.php\/wp-json\/wp\/v2\/media\/128604"}],"wp:attachment":[{"href":"https:\/\/corrientesdetarde.com\/index.php\/wp-json\/wp\/v2\/media?parent=128603"}],"wp:term":[{"taxonomy":"category","embeddable":true,"href":"https:\/\/corrientesdetarde.com\/index.php\/wp-json\/wp\/v2\/categories?post=128603"},{"taxonomy":"post_tag","embeddable":true,"href":"https:\/\/corrientesdetarde.com\/index.php\/wp-json\/wp\/v2\/tags?post=128603"}],"curies":[{"name":"wp","href":"https:\/\/api.w.org\/{rel}","templated":true}]}}