{"id":128733,"date":"2024-02-28T07:38:07","date_gmt":"2024-02-28T10:38:07","guid":{"rendered":"https:\/\/corrientesdetarde.com\/?p=128733"},"modified":"2024-02-28T07:38:19","modified_gmt":"2024-02-28T10:38:19","slug":"allanamientos-en-dos-domicilios-del-barrio-quinta-ferre-con-secuestro-de-varios-celulares-robados","status":"publish","type":"post","link":"https:\/\/corrientesdetarde.com\/index.php\/policiales\/allanamientos-en-dos-domicilios-del-barrio-quinta-ferre-con-secuestro-de-varios-celulares-robados\/","title":{"rendered":"ALLANAMIENTOS EN DOS DOMICILIOS DEL BARRIO QUINTA FERRE CON SECUESTRO DE VARIOS CELULARES &#8220;ROBADOS&#8221;"},"content":{"rendered":"\n<p>Se secuestraron varios tel\u00e9fonos celulares; dos espejos retrovisores de motocicleta; una llave de ignici\u00f3n de motocicleta, marca Honda; una llave de ignici\u00f3n, marca Toyota; dos hierros en forma de corchetes que corresponden al portaequipaje de una motocicleta 110 y tres fundas protectoras de distintos modelos y colores para tel\u00e9fono celular, todo de dudosa procedencia<\/p>\n\n\n\n<p>Se secuestraron varios tel\u00e9fonos celulares; dos espejos retrovisores de motocicleta; una llave de ignici\u00f3n de motocicleta, marca Honda; una llave de ignici\u00f3n, marca Toyota; dos hierros en forma de corchetes que corresponden al portaequipaje de una motocicleta 110 y tres fundas protectoras de distintos modelos y colores para tel\u00e9fono celular, todo de dudosa procedencia.<\/p>\n\n\n\n<p>En la ma\u00f1ana de este martes 27 se llev\u00f3 a cabo dos allanamientos en domicilios ubicados en el Barrio Quinta Ferre de la capital correntina, a cargo de personal policial de la Comisar\u00eda 6\u00b0 y de la Divisi\u00f3n Polic\u00eda de Alto Riesto, tras denuncia de actos delicbitivos y sindicadas ambas direcciones para la b\u00fasqueda de objetos robados.<\/p>\n\n\n\n<p>Luego del ingreso a los domiclios, personal policial secuestraron varios tel\u00e9fonos celulares; dos espejos retrovisores de motocicleta; una llave de ignici\u00f3n de motocicleta, marca Honda; una llave de ignici\u00f3n, marca Toyota; dos hierros en forma de corchetes que corresponden al portaequipaje de una motocicleta 110 y tres fundas protectoras de distintos modelos y colores para tel\u00e9fono celular, todo de dudosa procedencia.<\/p>\n\n\n\n<p>Por \u00falttimo se procedi\u00f3 a la demora de tres hombres, de 35, 33 y 23 a\u00f1os de edad, para identificaci\u00f3n y averiguaciones de sus antecedentes.&nbsp;<\/p>\n","protected":false},"excerpt":{"rendered":"<p>Se secuestraron varios tel\u00e9fonos celulares; dos espejos retrovisores de motocicleta; una llave de ignici\u00f3n de motocicleta, marca Honda; una llave de ignici\u00f3n, marca Toyota; dos hierros en forma de corchetes&hellip; <\/p>\n","protected":false},"author":12,"featured_media":128737,"comment_status":"closed","ping_status":"open","sticky":false,"template":"","format":"standard","meta":{"footnotes":""},"categories":[33],"tags":[],"class_list":["post-128733","post","type-post","status-publish","format-standard","has-post-thumbnail","hentry","category-policiales"],"_links":{"self":[{"href":"https:\/\/corrientesdetarde.com\/index.php\/wp-json\/wp\/v2\/posts\/128733","targetHints":{"allow":["GET"]}}],"collection":[{"href":"https:\/\/corrientesdetarde.com\/index.php\/wp-json\/wp\/v2\/posts"}],"about":[{"href":"https:\/\/corrientesdetarde.com\/index.php\/wp-json\/wp\/v2\/types\/post"}],"author":[{"embeddable":true,"href":"https:\/\/corrientesdetarde.com\/index.php\/wp-json\/wp\/v2\/users\/12"}],"replies":[{"embeddable":true,"href":"https:\/\/corrientesdetarde.com\/index.php\/wp-json\/wp\/v2\/comments?post=128733"}],"version-history":[{"count":1,"href":"https:\/\/corrientesdetarde.com\/index.php\/wp-json\/wp\/v2\/posts\/128733\/revisions"}],"predecessor-version":[{"id":128738,"href":"https:\/\/corrientesdetarde.com\/index.php\/wp-json\/wp\/v2\/posts\/128733\/revisions\/128738"}],"wp:featuredmedia":[{"embeddable":true,"href":"https:\/\/corrientesdetarde.com\/index.php\/wp-json\/wp\/v2\/media\/128737"}],"wp:attachment":[{"href":"https:\/\/corrientesdetarde.com\/index.php\/wp-json\/wp\/v2\/media?parent=128733"}],"wp:term":[{"taxonomy":"category","embeddable":true,"href":"https:\/\/corrientesdetarde.com\/index.php\/wp-json\/wp\/v2\/categories?post=128733"},{"taxonomy":"post_tag","embeddable":true,"href":"https:\/\/corrientesdetarde.com\/index.php\/wp-json\/wp\/v2\/tags?post=128733"}],"curies":[{"name":"wp","href":"https:\/\/api.w.org\/{rel}","templated":true}]}}