{"id":128894,"date":"2024-02-28T16:25:41","date_gmt":"2024-02-28T19:25:41","guid":{"rendered":"https:\/\/corrientesdetarde.com\/?p=128894"},"modified":"2024-02-28T16:25:55","modified_gmt":"2024-02-28T19:25:55","slug":"milei-reunio-los-diputados-oficialistas-hablo-de-la-economia-e-insistio-en-su-enojo-contra-los-gobernadores","status":"publish","type":"post","link":"https:\/\/corrientesdetarde.com\/index.php\/politica\/milei-reunio-los-diputados-oficialistas-hablo-de-la-economia-e-insistio-en-su-enojo-contra-los-gobernadores\/","title":{"rendered":"Milei reuni\u00f3 los diputados oficialistas: habl\u00f3 de la econom\u00eda e insisti\u00f3 en su enojo contra los gobernadores"},"content":{"rendered":"\n<p>El Presidente habl\u00f3 con los legisladores de La Libertad Avanza sobre la profundizaci\u00f3n de la grieta, la herencia recibida y las reformas que mandar\u00e1 al Congreso. Tambi\u00e9n, se reuni\u00f3 con el jefe del bloque del PRO, Cristian Ritondo.<\/p>\n\n\n\n<p>Javier Milei\u00a0le anticip\u00f3 a sus\u00a0diputados\u00a0que<strong> seguir\u00e1 confrontando con los gobernadores y recibi\u00f3 el apoyo de legisladores del PRO\u00a0<\/strong>previo a la apertura de sesiones ordinarias en el Congreso. El Presidente delinea la estrategia legislativa para avanzar con algunas reformas de la Ley \u00d3mnibus y se prepara para las elecciones de mitad de t\u00e9rmino.<\/p>\n\n\n\n<p>El jefe de Estado recibi\u00f3 a sus diputados a las 10 de la ma\u00f1ana en la Casa Rosada y luego almorz\u00f3 con el jefe de bloque de PRO, Cristian Ritondo, que a la salida le dijo a este medio: \u201cLas fuerzas del cambio, que son el PRO y la LLA, tenemos que ponernos de acuerdo y evitar cualquier conflicto\u201d.<\/p>\n\n\n\n<p>Seg\u00fan pudo saber,\u00a0<strong>la idea de hacer una fusi\u00f3n entre La Libertad Avanza y el PRO en el Congreso perdi\u00f3 fuerza en el corto plazo<\/strong>, pero el Gobierno analiza la idea que se haya un acuerdo para las elecciones legislativas de 2025. Lo que queda por definir es lo territorial.<\/p>\n\n\n\n<p>Un integrante del Ejecutivo le dijo a este medio que van a tener que ordenar a la tropa propia en provincias y municipios para que LLA y PRO no sean partidos opositores y se quiten votos. En el partido amarillo, esperan ese gesto.<\/p>\n\n\n\n<figure class=\"wp-block-image\"><img decoding=\"async\" src=\"https:\/\/tn.com.ar\/resizer\/cH9s8hLMWsa4aYT1CFlIbe_RlGw=\/767x0\/smart\/filters:format(webp)\/cloudfront-us-east-1.images.arcpublishing.com\/artear\/OJEOR3MOUDMHNAA4HEZ6RF7AQI.jpg\" alt=\"El bloque de La Libertad Avanza en la C\u00e1mara de Diputados (AP Foto\/Natacha Pisarenko)\"\/><\/figure>\n\n\n\n<p><strong>La reuni\u00f3n entre Milei y Mauricio Macri sigue sin fecha clara<\/strong>, aunque hablen seguido por tel\u00e9fono y circulen algunas versiones sobre que ya hubo un encuentro. En la Casa Rosada, no rechazan la posibilidad de que una integraci\u00f3n de segundas l\u00edneas del expresidente y se\u00f1alan que la secretar\u00eda de Miner\u00eda podr\u00eda ser parte del acuerdo.<\/p>\n\n\n\n<p>Milei recibi\u00f3 a los diputados de La Libertad Avanza con el ministro de Interior, Guillermo Francos, que estuvo una hora porque ten\u00eda en agenda una reuni\u00f3n con el gobernador de R\u00edo Negro, Alberto Weretilneck. El lunes estuvo con Leandro Zdero (Chaco), ayer se reuni\u00f3 con Gustavo S\u00e1enz (Salta) y el fin de semana estar\u00e1 con Alfredo Cornejo (Mendoza).<\/p>\n\n\n\n<p>Seg\u00fan pudo recolectar\u00a0, el Presidente hizo un balance econ\u00f3mico, present\u00f3 encuestas de opini\u00f3n p\u00fablica sobre sus reformas y habl\u00f3 sobre el trabajo conjunto con el PRO en el Congreso con sus legisladores.<\/p>\n\n\n\n<p>Uno de los presentes le dijo a este medio que&nbsp;<strong>uno de los temas de conversaci\u00f3n fue la profundizaci\u00f3n de la grieta y la confrontaci\u00f3n con los gobernadores<\/strong>. \u201cLa l\u00ednea es enemigos o aliados, queremos que quede en evidencia qui\u00e9nes quieren apoyar los cambios y qui\u00e9nes no\u201d, expres\u00f3.<\/p>\n\n\n\n<figure class=\"wp-block-image\"><img decoding=\"async\" src=\"https:\/\/tn.com.ar\/resizer\/LLq0EW36ckXSKFlAdPSm4MV9Qsw=\/767x0\/smart\/filters:format(webp)\/cloudfront-us-east-1.images.arcpublishing.com\/artear\/DRNTODLPPNC3ZCTVNHQWPG3EYI.jpg\" alt=\"El jefe de bloque del oficialismo en Diputados, Oscar Zago (Foto NA: Dami\u00e1n Dopacio).\"\/><\/figure>\n\n\n\n<p><strong>El Gobierno busca intensificar la polarizaci\u00f3n bajo la l\u00ednea de estar a favor o en contra de sus propuestas<\/strong>&nbsp;con la idea de romper el centro. En la c\u00fapula del Ejecutivo, quieren alinearse con el PRO y generar fisuras en el resto de los bloques para sumar heridos.<\/p>\n\n\n\n<p>Milei quiere acercarse al qu\u00f3rum y busca adeptos que integran los bloques de Hacemos Coalici\u00f3n Federal (HCF), la Uni\u00f3n C\u00edvica Radical (UCR) e Innovaci\u00f3n Federal (IF).<\/p>\n\n\n\n<p>Los asesores m\u00e1s cercanos al presidente quieren llegar a un escenario de fuerte polarizaci\u00f3n entre dos grandes coaliciones para las elecciones legislativas de 2025.<\/p>\n\n\n\n<p>En el discurso del viernes a las 21 ante el Congreso, el presidente apuntar\u00e1 contra los legisladores que no apoyaron la Ley \u00d3mnibus y hablar\u00e1 de la herencia con datos de la auditor\u00eda que realiz\u00f3 el jefe de gabinete, Nicol\u00e1s Posse.<\/p>\n","protected":false},"excerpt":{"rendered":"<p>El Presidente habl\u00f3 con los legisladores de La Libertad Avanza sobre la profundizaci\u00f3n de la grieta, la herencia recibida y las reformas que mandar\u00e1 al Congreso. Tambi\u00e9n, se reuni\u00f3 con&hellip; <\/p>\n","protected":false},"author":8,"featured_media":128895,"comment_status":"closed","ping_status":"open","sticky":false,"template":"","format":"standard","meta":{"footnotes":""},"categories":[3],"tags":[],"class_list":["post-128894","post","type-post","status-publish","format-standard","has-post-thumbnail","hentry","category-politica"],"_links":{"self":[{"href":"https:\/\/corrientesdetarde.com\/index.php\/wp-json\/wp\/v2\/posts\/128894","targetHints":{"allow":["GET"]}}],"collection":[{"href":"https:\/\/corrientesdetarde.com\/index.php\/wp-json\/wp\/v2\/posts"}],"about":[{"href":"https:\/\/corrientesdetarde.com\/index.php\/wp-json\/wp\/v2\/types\/post"}],"author":[{"embeddable":true,"href":"https:\/\/corrientesdetarde.com\/index.php\/wp-json\/wp\/v2\/users\/8"}],"replies":[{"embeddable":true,"href":"https:\/\/corrientesdetarde.com\/index.php\/wp-json\/wp\/v2\/comments?post=128894"}],"version-history":[{"count":1,"href":"https:\/\/corrientesdetarde.com\/index.php\/wp-json\/wp\/v2\/posts\/128894\/revisions"}],"predecessor-version":[{"id":128896,"href":"https:\/\/corrientesdetarde.com\/index.php\/wp-json\/wp\/v2\/posts\/128894\/revisions\/128896"}],"wp:featuredmedia":[{"embeddable":true,"href":"https:\/\/corrientesdetarde.com\/index.php\/wp-json\/wp\/v2\/media\/128895"}],"wp:attachment":[{"href":"https:\/\/corrientesdetarde.com\/index.php\/wp-json\/wp\/v2\/media?parent=128894"}],"wp:term":[{"taxonomy":"category","embeddable":true,"href":"https:\/\/corrientesdetarde.com\/index.php\/wp-json\/wp\/v2\/categories?post=128894"},{"taxonomy":"post_tag","embeddable":true,"href":"https:\/\/corrientesdetarde.com\/index.php\/wp-json\/wp\/v2\/tags?post=128894"}],"curies":[{"name":"wp","href":"https:\/\/api.w.org\/{rel}","templated":true}]}}