{"id":128897,"date":"2024-02-28T16:28:50","date_gmt":"2024-02-28T19:28:50","guid":{"rendered":"https:\/\/corrientesdetarde.com\/?p=128897"},"modified":"2024-02-28T16:28:54","modified_gmt":"2024-02-28T19:28:54","slug":"se-agrava-la-crisis-en-cuba-el-gobierno-aumenta-400-la-nafta-y-le-pide-ayuda-a-la-onu-para-recibir-alimentos","status":"publish","type":"post","link":"https:\/\/corrientesdetarde.com\/index.php\/internacionales\/se-agrava-la-crisis-en-cuba-el-gobierno-aumenta-400-la-nafta-y-le-pide-ayuda-a-la-onu-para-recibir-alimentos\/","title":{"rendered":"Se agrava la crisis en Cuba: el gobierno aumenta 400% la nafta y le pide ayuda a la ONU para recibir alimentos"},"content":{"rendered":"\n<p>El organismo empez\u00f3 a enviar leche en polvo a la isla. La crisis se agrava y la emigraci\u00f3n crece.<\/p>\n\n\n\n<p>En medio de\u00a0una grave situaci\u00f3n econ\u00f3mica y social, el gobierno cubano<strong>\u00a0pidi\u00f3 por primera vez ayuda<\/strong>\u00a0al Programa Mundial de Alimentos (PMA) ante las dificultades del pa\u00eds para seguir distribuyendo leche subvencionada a los menores de 7 a\u00f1os.<\/p>\n\n\n\n<p>En ese marco de crisis, este viernes entrar\u00e1 en vigor\u00a0<strong>el alza masiva de los precios de los combustibles<\/strong>, de m\u00e1s de un 400%, que iba a comenzar a regir el 1 de febrero, pero fue pospuesto tras un ciberataque.<\/p>\n\n\n\n<p>La isla vive una de las crisis m\u00e1s graves desde la ca\u00edda de la Uni\u00f3n Sovi\u00e9tica, que\u00a0llev\u00f3 a decenas de miles de cubanos a emigrar en los \u00faltimos a\u00f1os.<\/p>\n\n\n\n<h2 class=\"wp-block-heading\">Por qu\u00e9 Cuba pidi\u00f3 ayuda al Programa Mundial de Alimentos<\/h2>\n\n\n\n<p>El pedido del gobierno de&nbsp;<strong>Miguel D\u00edaz-Canel<\/strong>&nbsp;al Programa Mundial de Alimentos se concret\u00f3 a trav\u00e9s de una comunicaci\u00f3n oficial.<\/p>\n\n\n\n<p>El organismo de la ONU confirm\u00f3 que recibi\u00f3 una comunicaci\u00f3n oficial del Gobierno de Cuba y&nbsp;<strong>ya est\u00e1 enviando leche en polvo&nbsp;<\/strong>a la isla.<\/p>\n\n\n\n<figure class=\"wp-block-image\"><img decoding=\"async\" src=\"https:\/\/tn.com.ar\/resizer\/8Tb6Pw7YTc6cfEDD_PZ2rWdgulI=\/767x0\/smart\/filters:format(webp)\/cloudfront-us-east-1.images.arcpublishing.com\/artear\/RQEMQ5J4GRAPFIFFA6FVNNBK3E.jpg\" alt=\"Cuba atraviesa una dif\u00edcil situaci\u00f3n social y econ\u00f3mica (Foto: AFP)\"\/><\/figure>\n\n\n\n<p>\u201cConfirmamos que el PMA ha recibido una comunicaci\u00f3n oficial del Gobierno (cubano) solicitando apoyo para continuar la entrega mensual de 1 kilogramo de leche destinada a ni\u00f1as y ni\u00f1os menores de 7 a\u00f1os en todo el pa\u00eds\u201d, indic\u00f3 por escrito la delegaci\u00f3n del PMA en la isla, citada por<em>&nbsp;EFE<\/em>.<\/p>\n\n\n\n<p>El programa de la ONU, que reconoce una \u201cnecesidad urgente\u201d, subray\u00f3 \u201cla importancia de esta solicitud\u201d, especialmente en el contexto de \u201cprofunda crisis econ\u00f3mica que enfrenta Cuba\u201d, algo que a su juicio est\u00e1 impactando \u201csignificativamente en la seguridad alimentaria y nutricional de la poblaci\u00f3n\u201d.<\/p>\n\n\n\n<p>El Gobierno no hab\u00eda hecho p\u00fablica esta solicitud ni los primeros aportes multilaterales, pese a que lleva semanas hablando sobre la escasez de leche.<\/p>\n\n\n\n<p>El organismo, especializado en \u201cemergencias\u201d y \u201casistencia alimentaria\u201d, confirm\u00f3 que \u201ces primera vez que Cuba solicita apoyo emitiendo una comunicaci\u00f3n oficial al m\u00e1s alto nivel de direcci\u00f3n del PMA\u201d.<\/p>\n\n\n\n<p>El PMA inform\u00f3 sobre la entrega este mes de \u201c144 toneladas m\u00e9tricas de leche en polvo descremada, beneficiando a casi 48.000 ni\u00f1as y ni\u00f1os de entre 7 meses y 3 a\u00f1os en Pinar del R\u00edo y La Habana\u201d. Esto supone apenas el 6 % de los menores a los que el Gobierno pretende entregar leche subvencionada.<\/p>\n\n\n\n<p>Adem\u00e1s, la solicitud cubana \u201cno refiere ning\u00fan marco temporal expl\u00edcito\u201d.<\/p>\n\n\n\n<figure class=\"wp-block-image\"><img decoding=\"async\" src=\"https:\/\/tn.com.ar\/resizer\/0H92aUpLw6ioIRC4HdccJN5HNEY=\/767x0\/smart\/filters:format(webp)\/cloudfront-us-east-1.images.arcpublishing.com\/artear\/Q33GNRZ2NZCARN5UUUV2NEOMP4.jpg\" alt=\"Paquetes de leche en polvo para la venta en una peque\u00f1a empresa privada en La Habana (Foto: EFE)\"\/><\/figure>\n\n\n\n<p>La leche escasea desde hace a\u00f1os en Cuba, aunque en general los ni\u00f1os de hasta 7 a\u00f1os (y personas con dietas especiales) pod\u00edan contar con una cantidad al mes a trav\u00e9s de la libreta de abastecimiento (cartilla de racionamiento) a un precio altamente subvencionado (2,5 pesos por kilogramo, unos 21 centavos de d\u00f3lar).<\/p>\n\n\n\n<p>La disponibilidad de leche de fuente estatal, sin embargo, se ha deteriorado en los \u00faltimos meses. Frente a estas dificultades, en Cuba es posible encontrar leche l\u00edquida y en polvo en algunas de las empresas del incipiente sector privado, pero a precios inaccesibles para la inmensa mayor\u00eda de los cubanos.<\/p>\n\n\n\n<h2 class=\"wp-block-heading\">El precio del combustible aumenta 400% en Cuba<\/h2>\n\n\n\n<p>En tanto, el gobierno anunci\u00f3 que aplicar\u00e1 desde este viernes el alza masiva de los precios de los combustibles, de m\u00e1s de un 400 %, que iba a entrar en vigor el 1 de febrero, pero fue pospuesto tras un ciberataque.<\/p>\n\n\n\n<p>La medida forma parte de\u00a0un plan de ajuste -que incluye fuertes subidas en las tarifas del agua, la electricidad y el transporte interprovincial- con el que el Gobierno pretende reactivar la econom\u00eda\u00a0nacional, sumida en una profunda crisis desde hace tres a\u00f1os, y reducir el abultado d\u00e9ficit p\u00fablico.<\/p>\n\n\n\n<p>Seg\u00fan informaron medios oficiales, el anuncio se realiz\u00f3 en una conferencia de prensa en la que participaron dos ministros y a la que no fueron invitados los medios internacionales acreditados en la isla.<\/p>\n","protected":false},"excerpt":{"rendered":"<p>El organismo empez\u00f3 a enviar leche en polvo a la isla. La crisis se agrava y la emigraci\u00f3n crece. En medio de\u00a0una grave situaci\u00f3n econ\u00f3mica y social, el gobierno cubano\u00a0pidi\u00f3&hellip; <\/p>\n","protected":false},"author":8,"featured_media":128898,"comment_status":"closed","ping_status":"open","sticky":false,"template":"","format":"standard","meta":{"footnotes":""},"categories":[11],"tags":[],"class_list":["post-128897","post","type-post","status-publish","format-standard","has-post-thumbnail","hentry","category-internacionales"],"_links":{"self":[{"href":"https:\/\/corrientesdetarde.com\/index.php\/wp-json\/wp\/v2\/posts\/128897","targetHints":{"allow":["GET"]}}],"collection":[{"href":"https:\/\/corrientesdetarde.com\/index.php\/wp-json\/wp\/v2\/posts"}],"about":[{"href":"https:\/\/corrientesdetarde.com\/index.php\/wp-json\/wp\/v2\/types\/post"}],"author":[{"embeddable":true,"href":"https:\/\/corrientesdetarde.com\/index.php\/wp-json\/wp\/v2\/users\/8"}],"replies":[{"embeddable":true,"href":"https:\/\/corrientesdetarde.com\/index.php\/wp-json\/wp\/v2\/comments?post=128897"}],"version-history":[{"count":1,"href":"https:\/\/corrientesdetarde.com\/index.php\/wp-json\/wp\/v2\/posts\/128897\/revisions"}],"predecessor-version":[{"id":128899,"href":"https:\/\/corrientesdetarde.com\/index.php\/wp-json\/wp\/v2\/posts\/128897\/revisions\/128899"}],"wp:featuredmedia":[{"embeddable":true,"href":"https:\/\/corrientesdetarde.com\/index.php\/wp-json\/wp\/v2\/media\/128898"}],"wp:attachment":[{"href":"https:\/\/corrientesdetarde.com\/index.php\/wp-json\/wp\/v2\/media?parent=128897"}],"wp:term":[{"taxonomy":"category","embeddable":true,"href":"https:\/\/corrientesdetarde.com\/index.php\/wp-json\/wp\/v2\/categories?post=128897"},{"taxonomy":"post_tag","embeddable":true,"href":"https:\/\/corrientesdetarde.com\/index.php\/wp-json\/wp\/v2\/tags?post=128897"}],"curies":[{"name":"wp","href":"https:\/\/api.w.org\/{rel}","templated":true}]}}