{"id":129293,"date":"2024-03-01T11:01:29","date_gmt":"2024-03-01T14:01:29","guid":{"rendered":"https:\/\/corrientesdetarde.com\/?p=129293"},"modified":"2024-03-01T11:01:40","modified_gmt":"2024-03-01T14:01:40","slug":"en-salud-cultura-y-educacion-corrientes-invirtio-fuertemente-en-infraestructura-y-programas-de-modernizacion","status":"publish","type":"post","link":"https:\/\/corrientesdetarde.com\/index.php\/locales\/en-salud-cultura-y-educacion-corrientes-invirtio-fuertemente-en-infraestructura-y-programas-de-modernizacion\/","title":{"rendered":"En salud, cultura y educaci\u00f3n, Corrientes invirti\u00f3 fuertemente en infraestructura y programas de modernizaci\u00f3n"},"content":{"rendered":"\n<p>Durante la apertura de sesiones ordinarias 2024, el gobernador de Corrientes, Gustavo Vald\u00e9s, destac\u00f3 la fuerte inversi\u00f3n que su gesti\u00f3n realiza en materia de salud: en todos los hospitales, la construcci\u00f3n del Oncol\u00f3gico y la mejora del Pedi\u00e1trico. En cultura, la construcci\u00f3n del Museo de Arte Contempor\u00e1neo calific\u00e1ndolo como &#8220;un espacio cultural \u00fanico en la regi\u00f3n&#8221;&nbsp;m\u00e1s la recuperaci\u00f3n del predio de la Ex Unidad Penal N\u00ba 1, donde se generar\u00e1 un espacio que integre turismo, gastronom\u00eda, historia, comercio, innovaci\u00f3n y conocimiento. El Plan de Infraestructura Escolar implic\u00f3 el a\u00f1o pasado 48 obras con fondos nacionales y 402 obras con fondos provinciales. &#8220;Este a\u00f1o esperamos iniciar 55 obras m\u00e1s&#8221;, sostuvo. Y agreg\u00f3 que es &#8220;un logro muy importante en materia de inclusi\u00f3n social, digital y educativa: a trav\u00e9s de Incluir Futuro entregamos 76.900 equipos&#8221;, mientras que, a trav\u00e9s de TelCo, &#8220;llevamos Internet de alta velocidad a 1.300 escuelas, hospitales, CAPs, comisar\u00edas, unidades penales, nodos de c\u00e1maras de seguridad, instituciones p\u00fablicas y hogares&#8221;.<\/p>\n\n\n\n<p>Al respecto, Vald\u00e9s sostuvo: &#8220;En materia de Salud, estamos invirtiendo en la mejora, ampliaci\u00f3n y equipamiento de toda la red de hospitales provinciales. Pero quiero destacar: Corrientes tiene un Hospital Oncol\u00f3gico en Curuz\u00fa Cuati\u00e1, pero necesita un hospital especializado en la Capital para asumir la lucha contra una enfermedad tan da\u00f1ina.&nbsp;<\/p>\n\n\n\n<p>Estamos haciendo el hospital m\u00e1s importante del Nordeste en esta especialidad, con infraestructura moderna, tecnolog\u00eda de punta y profesionales de excelencia.<\/p>\n\n\n\n<p>El Instituto Oncol\u00f3gico de Corrientes funcionar\u00e1 como un centro integral dedicado a la detecci\u00f3n, diagn\u00f3stico y tratamiento ambulatorio de oncolog\u00eda de 4.500 m2. Ser\u00e1 un centro de alt\u00edsima complejidad, con Consultorios Externos y Hospital de D\u00eda.<\/p>\n\n\n\n<p>El \u00e1rea de Diagn\u00f3stico por Im\u00e1genes tendr\u00e1 Mam\u00f3grafo, Rayos X, Tomograf\u00eda y Resonancia Magn\u00e9tica. El \u00e1rea de Radioterapia incluye un acelerador lineal rotatorio y un \u00e1rea de Braquiterapia. Mientras que el sector de Medicina Nuclear, tendr\u00e1 equipos de PET-CT y SPEC-CT de \u00faltima generaci\u00f3n.<\/p>\n\n\n\n<p>Tenemos un Cardiol\u00f3gico de excelencia y nos merecemos un Oncol\u00f3gico de igual nivel.<\/p>\n\n\n\n<p>Y una menci\u00f3n con respecto al Hospital Pedi\u00e1trico Juan Pablo II, est\u00e1 en sus instancias finales con m\u00e1s del 90% de avance una ampliaci\u00f3n significativa. Ser\u00e1n 1.800 m2 las \u00e1reas de rehabilitaci\u00f3n e internaci\u00f3n.<\/p>\n\n\n\n<p>Dije que venimos trabajando en todos los hospitales, sumo dos ejemplos, el servicio de Emergencia, UTI y Docencia del Hospital Vidal con 2.000 m2 y la ampliaci\u00f3n de 1.000 m2 del Hospital Escuela Jos\u00e9 de San Mart\u00edn.<\/p>\n\n\n\n<p>Y si hablamos del eje modernizaci\u00f3n, los hospitales y centros de salud de la provincia ya llevan entregados m\u00e1s de medio mill\u00f3n de turnos web, lo que significa una gran comodidad para los pacientes. El sistema tambi\u00e9n nos permite asociar al paciente con su Historia Cl\u00ednica Digital.<\/p>\n\n\n\n<p>Perm\u00edtanme hablarles de algo que nos llena de orgullo y que tiene que ver con el CUCAICOR. Durante 2023 en nuestra provincia tuvimos 112 donantes de \u00f3rganos y tejidos. Esto nos convierte en la primera provincia donante a nivel nacional con una tasa de 38,31 donantes por mill\u00f3n de habitantes. El 2023 fue el a\u00f1o con mayor n\u00famero de donantes. Nuestrosprofesionales hicieron ablaciones en Corrientes e incluso en el Chaco.<br>En el \u00e1rea de Cultura tuvimos una gran Fiesta Nacional del Chamam\u00e9, haciendo honor a nuestra m\u00fasica designada por la UNESCO como Patrimonio Inmaterial de la Humanidad. Tambi\u00e9n tuvimos grandes ediciones de la Feria del Libro,Tarag\u00fc\u00ed Rock, de los Carnavales.<\/p>\n\n\n\n<p>En fin, enestamaterianuestro gobierno tiene mucho para mostrar, pero me quiero centrar en un proyecto emblem\u00e1tico que avanza a todo ritmo como es la construcci\u00f3n Museo de Arte Contempor\u00e1neo, en el hist\u00f3rico edificio del Banco de Corrientes.<\/p>\n\n\n\n<p>El \u00d1ande MAC contar\u00e1 con 3.500 m2 de espacio para exposiciones, conferencias, oficinas y dep\u00f3sitos.En ese proyecto reunimos conservaci\u00f3n de patrimonio hist\u00f3rico, reciclaje y la creaci\u00f3n de un espacio cultural \u00fanico en la regi\u00f3n.<\/p>\n\n\n\n<p>Me quiero detener especialmente en un proyecto innovador que se convertir\u00e1 en un gran aporte para nuestra Capital Y en un nuevo atractivo tur\u00edstico, me estoy refiriendo a La Unidad.<\/p>\n\n\n\n<p>Estamos recuperando el predio del Ex Unidad Penal N\u00ba 1 donde vamos a generar un espacio que integre turismo, gastronom\u00eda,historia, comercio, innovaci\u00f3n y conocimiento.<\/p>\n\n\n\n<p>En La Unidad respetamos el patrimonio hist\u00f3rico, poniendo en valor los edificios y construyendo el Museo de la Prisi\u00f3n que recordar\u00e1 sus m\u00e1s de 100 a\u00f1os de historia.<\/p>\n\n\n\n<p>La Unidad ser\u00e1 un espacio de uni\u00f3n.<br>Queremos unir historia y futuro; A los que generan conocimiento con los emprendedores que lo aplican; A los que producen con los consumidores; A quienes nos visitan con nuestra esencia.<\/p>\n\n\n\n<p>En La Unidad funcionar\u00e1n un Centro Gastron\u00f3mico Con identidad local de 2.700 m2. El Museo de la Prisi\u00f3n y un Espacio de las Ciencias que juntos suman 1.400 m2.Un Centro Comercial. Y el Centro de la Innovaci\u00f3n de 13.000 m2, que se constituir\u00e1 en un Parque Tecnol\u00f3gico. All\u00ed se alojar\u00e1n la universidad y empresas privadas y p\u00fablicas que inviertan en proyectos de innovaci\u00f3n y tecnolog\u00eda.<\/p>\n\n\n\n<p>En Educaci\u00f3n,a pesar de los recortes nacionales, hemos hecho y seguiremos haciendo un gran esfuerzo en defensa del salario docente en un contexto de alt\u00edsima inflaci\u00f3n, porque consideramos que los docentes son la piedra angular del sistema educativo.<\/p>\n\n\n\n<p>Quiero agradecerles muy especialmente a los docentes y a sus representantes, por haber iniciado el ciclo lectivo 2024 en tiempo y forma.<\/p>\n\n\n\n<p>El Plan de Infraestructura Escolar implic\u00f3 el a\u00f1o pasado 48 obras con fondos nacionales y 402 obras con fondos provinciales.A ellas se suman 6 obras por CAF y PRINI II, 4 escuelas t\u00e9cnicas y 8 obras mediante otros programas. Este a\u00f1o esperamos iniciar 55 obras m\u00e1s.<\/p>\n\n\n\n<p>El Plan de Limpieza y Mantenimiento, algo muy pedido por directivos de escuelas y padres, lleg\u00f3 a 792 establecimientos educativos.<\/p>\n\n\n\n<p>Quiero decirles tambi\u00e9n que la totalidad de las escuelas de gesti\u00f3n estatal de nuestra provincia ya cuentan con una hora m\u00e1s de Lengua y Matem\u00e1tica y eso se nota en los resultados.<\/p>\n\n\n\n<p>En la Argentina s\u00f3lo 6 provincias eval\u00faan calidad educativa de manera digital y Corrientes es una de ellas.El Operativo COPPEde Evaluaci\u00f3n Digital ya evidenci\u00f3 una mejora de resultados en Lengua y Matem\u00e1tica con respecto al a\u00f1o anterior.<\/p>\n\n\n\n<p>Pero quiero destacar un logro muy importante en materia de inclusi\u00f3n social, digital y educativa. Estamos cerca de alcanzar el objetivo de un alumno, una computadora.<\/p>\n\n\n\n<p>A trav\u00e9s de Incluir Futuro entregamos 76.900 equipos, que sumados a los que entrega Naci\u00f3n mediante Conectar Igualdad, hacen que nos falte muy poco para que cada alumno de nivel secundario tenga su computadora personal equipada con el software correspondiente.<\/p>\n\n\n\n<p>Adem\u00e1s, llevamos Internet a todas las escuelas para que docentes y estudiantes accedan a la informaci\u00f3n disponible en la red.<\/p>\n\n\n\n<p>Y desde Corrientes Play y EducaPlay generamos contenidos correntinos de calidad para apoyar la tarea docente. Los invito a ver lo que estamos haciendo para difundir nuestra historia, nuestra cultura y facilitar el trabajo de los docentes.<\/p>\n\n\n\n<p>Un ejemplo es la serie de 3 cap\u00edtulos Epopeya del Iber\u00e1, un dibujo animado 100% correntino destinado a generar conciencia en los ni\u00f1os sobre la importancia del cuidado del medioambiente.<\/p>\n\n\n\n<p>Y si hablamos de inclusi\u00f3n digital no podemos dejar de mencionar la tarea que estamos llevando adelante desde TelCo.<\/p>\n\n\n\n<p>Ya conectamos ciudades que albergan 710 mil habitantes. En 2023 mediante 230 kil\u00f3metros de fibra \u00f3ptica conectamos Saladas, Mburucuy\u00e1, Tatacu\u00e1, Santo Tom\u00e9, Santa Luc\u00eda e Itat\u00ed. Llevamos Internet de alta velocidad a 1.300 escuelas, hospitales, CAPs, comisar\u00edas, unidades penales, nodos de c\u00e1maras de seguridad, instituciones p\u00fablicas y hogares.<\/p>\n\n\n\n<p>TelCo desarroll\u00f3 el bot\u00f3n de pago Wee!,una plataforma que permite que cualquier organismo o empresa realice cobros electr\u00f3nicos de sus productos, servicios e impuestos de manera simple, r\u00e1pida y segura. Ya est\u00e1 disponible para Rentas, DPEC e INVICO, entre otros.A ello se suma Wee!Pasa Un software para la venta de entradas a espect\u00e1culos y eventos que est\u00e1 operativo.&#8221;<\/p>\n","protected":false},"excerpt":{"rendered":"<p>Durante la apertura de sesiones ordinarias 2024, el gobernador de Corrientes, Gustavo Vald\u00e9s, destac\u00f3 la fuerte inversi\u00f3n que su gesti\u00f3n realiza en materia de salud: en todos los hospitales, la&hellip; <\/p>\n","protected":false},"author":12,"featured_media":129309,"comment_status":"closed","ping_status":"open","sticky":false,"template":"","format":"standard","meta":{"footnotes":""},"categories":[16,8],"tags":[],"class_list":["post-129293","post","type-post","status-publish","format-standard","has-post-thumbnail","hentry","category-bienestar-y-salud","category-locales"],"_links":{"self":[{"href":"https:\/\/corrientesdetarde.com\/index.php\/wp-json\/wp\/v2\/posts\/129293","targetHints":{"allow":["GET"]}}],"collection":[{"href":"https:\/\/corrientesdetarde.com\/index.php\/wp-json\/wp\/v2\/posts"}],"about":[{"href":"https:\/\/corrientesdetarde.com\/index.php\/wp-json\/wp\/v2\/types\/post"}],"author":[{"embeddable":true,"href":"https:\/\/corrientesdetarde.com\/index.php\/wp-json\/wp\/v2\/users\/12"}],"replies":[{"embeddable":true,"href":"https:\/\/corrientesdetarde.com\/index.php\/wp-json\/wp\/v2\/comments?post=129293"}],"version-history":[{"count":1,"href":"https:\/\/corrientesdetarde.com\/index.php\/wp-json\/wp\/v2\/posts\/129293\/revisions"}],"predecessor-version":[{"id":129310,"href":"https:\/\/corrientesdetarde.com\/index.php\/wp-json\/wp\/v2\/posts\/129293\/revisions\/129310"}],"wp:featuredmedia":[{"embeddable":true,"href":"https:\/\/corrientesdetarde.com\/index.php\/wp-json\/wp\/v2\/media\/129309"}],"wp:attachment":[{"href":"https:\/\/corrientesdetarde.com\/index.php\/wp-json\/wp\/v2\/media?parent=129293"}],"wp:term":[{"taxonomy":"category","embeddable":true,"href":"https:\/\/corrientesdetarde.com\/index.php\/wp-json\/wp\/v2\/categories?post=129293"},{"taxonomy":"post_tag","embeddable":true,"href":"https:\/\/corrientesdetarde.com\/index.php\/wp-json\/wp\/v2\/tags?post=129293"}],"curies":[{"name":"wp","href":"https:\/\/api.w.org\/{rel}","templated":true}]}}