{"id":129315,"date":"2024-03-01T11:04:09","date_gmt":"2024-03-01T14:04:09","guid":{"rendered":"https:\/\/corrientesdetarde.com\/?p=129315"},"modified":"2024-03-01T11:04:20","modified_gmt":"2024-03-01T14:04:20","slug":"politicas-sociales-para-mejorar-la-calidad-de-vida-en-corrientes-seguridad-alimentaria-infraestructura-urbana-y-viviendas","status":"publish","type":"post","link":"https:\/\/corrientesdetarde.com\/index.php\/locales\/politicas-sociales-para-mejorar-la-calidad-de-vida-en-corrientes-seguridad-alimentaria-infraestructura-urbana-y-viviendas\/","title":{"rendered":"Pol\u00edticas sociales para mejorar la calidad de vida en Corrientes: seguridad alimentaria, infraestructura urbana y viviendas"},"content":{"rendered":"\n<p>Otro de los aspectos abordados por el gobernador de Corrientes,&nbsp; Gustavo Vald\u00e9s al abrir las sesiones ordinarias 2024, se relacionaron a la acuciante situaci\u00f3n de pobreza en todo el pa\u00eds y que no excluye a esta provincia. Detallo as\u00ed, c\u00f3mo su gesti\u00f3n garantiza alimentos a quienes lo necesitan. Tambi\u00e9n hizo menci\u00f3n a diversas obras de infraestructura urbana y construcci\u00f3n de viviendas sociales, todas pol\u00edticas tendientes a mejorar la calidad de vida de los correntinos.<\/p>\n\n\n\n<p>&#8220;Como dije, la pobreza ha alcanzado niveles in\u00e9ditos en la Argentina, 57,4% seg\u00fan el Observatorio de la Deuda Social de la Universidad Cat\u00f3lica Argentina. Desde Desarrollo Social volcamos esfuerzos y recursos extraordinarios, pero a veces no se tiene dimensi\u00f3n de lo que ese esfuerzo representa&#8221;, afirm\u00f3 en su discurso ante los legisladores.<\/p>\n\n\n\n<p>Y prosigui\u00f3: &#8220;Para garantizar la seguridad alimentaria de las familias en situaci\u00f3n de vulnerabilidad, a trav\u00e9s del programa Refuerzo Alimentario, destinamos 12 mil millones de pesos.<\/p>\n\n\n\n<p>Reforzamos tambi\u00e9n la provisi\u00f3n de alimentos a comedores, merenderos e instituciones, alcanzando la cifra de m\u00e1s de 17 millones de raciones anuales.<\/p>\n\n\n\n<p>Otro instrumento para asistir a las familias en situaciones dif\u00edciles es la Tarjeta Sapucay, una tarjeta magn\u00e9tica destinada a la compra de alimentos que alcanza a 53.749 familias.<\/p>\n\n\n\n<p>Asistimos tambi\u00e9n a 99 instituciones en toda la provincia, como Centros de Desarrollo Infantil, de Promoci\u00f3n de Derechos, Residencias para Adultos Mayores, Clubes de Abuelos y otorgamos pensiones no contributivas a personas mayores sin jubilaci\u00f3n y a ex Combatientes de Malvinas.<\/p>\n\n\n\n<p>Sabemos que no se puede aprender con el est\u00f3mago vac\u00edo, por eso, el Programa Alimentario Escolar distribuye desayunos todos los d\u00edas a 249 mil alumnos de 1.851 establecimientos educativos, lo que representa el 81% de los estudiantes. Gran parte de los alumnos tambi\u00e9n recibe diariamente el almuerzo.<\/p>\n\n\n\n<p>En cuanto a obras p\u00fablicas, apenas voy a mencionar las m\u00e1s emblem\u00e1ticas como la refacci\u00f3n del Teatro Vera, la construcci\u00f3n del Complejo Recreativo y Cultural Gaucho Gil, la modernizaci\u00f3n del Aeropuerto, que el a\u00f1o pasado recibi\u00f3 a 280.000 pasajeros con motivo del cierre temporal del Aeropuerto de Resistencia, comisar\u00edas, cuarteles de bomberos, el Museo del Carnaval, instituciones sociales, culturales y religiosas.<\/p>\n\n\n\n<p>Pero, como sabemos, la vivienda es una de las principales demandas de la sociedad. El crecimiento demogr\u00e1fico reflejado en el CENSO 2022 requiere m\u00e1s viviendas para m\u00e1s familias.<\/p>\n\n\n\n<p>Durante 2023 a trav\u00e9s del INVICO brindamos m\u00e1s de 700 soluciones habitacionales a las familias, 60% realizadas con Fondos Provinciales y 40% con Fondos Nacionales.<\/p>\n\n\n\n<p>Pero el INVICO no s\u00f3lo hace viviendas, sino que tambi\u00e9n realiz\u00f3 una inversi\u00f3n de 14.200 millones de pesos en obras de infraestructura100% financiadas con fondos provinciales:300 cuadras de pavimento; 30.000 metros de cord\u00f3n cuneta y enripiado; m\u00e1s de 20.000 metros de redes de infraestructura; alumbrado LED; y acceso a las l\u00edneas de alta tensi\u00f3n.&#8221;<\/p>\n","protected":false},"excerpt":{"rendered":"<p>Otro de los aspectos abordados por el gobernador de Corrientes,&nbsp; Gustavo Vald\u00e9s al abrir las sesiones ordinarias 2024, se relacionaron a la acuciante situaci\u00f3n de pobreza en todo el pa\u00eds&hellip; <\/p>\n","protected":false},"author":12,"featured_media":129316,"comment_status":"closed","ping_status":"open","sticky":false,"template":"","format":"standard","meta":{"footnotes":""},"categories":[8,17],"tags":[],"class_list":["post-129315","post","type-post","status-publish","format-standard","has-post-thumbnail","hentry","category-locales","category-sociales"],"_links":{"self":[{"href":"https:\/\/corrientesdetarde.com\/index.php\/wp-json\/wp\/v2\/posts\/129315","targetHints":{"allow":["GET"]}}],"collection":[{"href":"https:\/\/corrientesdetarde.com\/index.php\/wp-json\/wp\/v2\/posts"}],"about":[{"href":"https:\/\/corrientesdetarde.com\/index.php\/wp-json\/wp\/v2\/types\/post"}],"author":[{"embeddable":true,"href":"https:\/\/corrientesdetarde.com\/index.php\/wp-json\/wp\/v2\/users\/12"}],"replies":[{"embeddable":true,"href":"https:\/\/corrientesdetarde.com\/index.php\/wp-json\/wp\/v2\/comments?post=129315"}],"version-history":[{"count":1,"href":"https:\/\/corrientesdetarde.com\/index.php\/wp-json\/wp\/v2\/posts\/129315\/revisions"}],"predecessor-version":[{"id":129317,"href":"https:\/\/corrientesdetarde.com\/index.php\/wp-json\/wp\/v2\/posts\/129315\/revisions\/129317"}],"wp:featuredmedia":[{"embeddable":true,"href":"https:\/\/corrientesdetarde.com\/index.php\/wp-json\/wp\/v2\/media\/129316"}],"wp:attachment":[{"href":"https:\/\/corrientesdetarde.com\/index.php\/wp-json\/wp\/v2\/media?parent=129315"}],"wp:term":[{"taxonomy":"category","embeddable":true,"href":"https:\/\/corrientesdetarde.com\/index.php\/wp-json\/wp\/v2\/categories?post=129315"},{"taxonomy":"post_tag","embeddable":true,"href":"https:\/\/corrientesdetarde.com\/index.php\/wp-json\/wp\/v2\/tags?post=129315"}],"curies":[{"name":"wp","href":"https:\/\/api.w.org\/{rel}","templated":true}]}}