{"id":129384,"date":"2024-03-01T21:16:27","date_gmt":"2024-03-02T00:16:27","guid":{"rendered":"https:\/\/corrientesdetarde.com\/?p=129384"},"modified":"2024-03-01T21:16:39","modified_gmt":"2024-03-02T00:16:39","slug":"el-domingo-se-realizara-la-primera-edicion-del-ano-de-ciudad-diseno","status":"publish","type":"post","link":"https:\/\/corrientesdetarde.com\/index.php\/destacados\/el-domingo-se-realizara-la-primera-edicion-del-ano-de-ciudad-diseno\/","title":{"rendered":"El domingo se realizar\u00e1 la primera edici\u00f3n del a\u00f1o de Ciudad Dise\u00f1o"},"content":{"rendered":"\n<p><em>Tendr\u00e1 lugar este 3 de marzo, de 19 a 23, en el paseo ubicado por la avenida Costanera General San Mart\u00edn y Pellegrini. Durante el a\u00f1o, el programa se llevar\u00e1 adelante dos veces al mes, con la participaci\u00f3n de cerca de 30 emprendedores de dise\u00f1o, acompa\u00f1ados por distintas propuestas gastron\u00f3micas.<\/em><\/p>\n\n\n\n<figure class=\"wp-block-image size-large\"><img loading=\"lazy\" decoding=\"async\" width=\"1024\" height=\"681\" src=\"https:\/\/corrientesdetarde.com\/wp-content\/uploads\/2024\/03\/image-6-1024x681.png\" alt=\"\" class=\"wp-image-129412\" srcset=\"https:\/\/corrientesdetarde.com\/wp-content\/uploads\/2024\/03\/image-6-1024x681.png 1024w, https:\/\/corrientesdetarde.com\/wp-content\/uploads\/2024\/03\/image-6-300x199.png 300w, https:\/\/corrientesdetarde.com\/wp-content\/uploads\/2024\/03\/image-6-768x511.png 768w, https:\/\/corrientesdetarde.com\/wp-content\/uploads\/2024\/03\/image-6.png 1265w\" sizes=\"auto, (max-width: 1024px) 100vw, 1024px\" \/><\/figure>\n\n\n\n<p>La Municipalidad de Corrientes informa que este domingo 3 de marzo se realizar\u00e1 la primera edici\u00f3n del a\u00f1o del programa Ciudad de Dise\u00f1o, que organiza la Secretar\u00eda de Desarrollo Econ\u00f3mico.<br><br>Tendr\u00e1 lugar de 19 a 23 por avenida Costanera General San Mart\u00edn, casi Carlos Pellegrini, y contar\u00e1 con la participaci\u00f3n de alrededor de 30 emprendedores de dise\u00f1o, adem\u00e1s de gastron\u00f3micos. \u00a0 \u00a0 \u00a0\u00a0<br><br>La subsecretaria de Pymes y Emprendedores del municipio capitalino, Thea Bel\u00e1ustegui, se\u00f1al\u00f3 que desde el \u00e1rea a su cargo \u201cestamos puliendo los \u00faltimos detalles organizativos de la primera edici\u00f3n 2024 de \u00e9ste exitoso programa que esta temporada tendr\u00e1 como novedad que se realizar\u00e1 dos veces al mes para que todos los emprendedores locales tengan la oportunidad de hacerse conocer, mostrar y ofrecer sus productos a la venta\u201d.<\/p>\n\n\n\n<figure class=\"wp-block-image size-large\"><img loading=\"lazy\" decoding=\"async\" width=\"1024\" height=\"574\" src=\"https:\/\/corrientesdetarde.com\/wp-content\/uploads\/2024\/03\/image-7-1024x574.png\" alt=\"\" class=\"wp-image-129413\" srcset=\"https:\/\/corrientesdetarde.com\/wp-content\/uploads\/2024\/03\/image-7-1024x574.png 1024w, https:\/\/corrientesdetarde.com\/wp-content\/uploads\/2024\/03\/image-7-300x168.png 300w, https:\/\/corrientesdetarde.com\/wp-content\/uploads\/2024\/03\/image-7-768x431.png 768w, https:\/\/corrientesdetarde.com\/wp-content\/uploads\/2024\/03\/image-7.png 1264w\" sizes=\"auto, (max-width: 1024px) 100vw, 1024px\" \/><\/figure>\n\n\n\n<p><br><br>\u201cProvisoriamente vamos a estar este a\u00f1o en Costanera casi Pellegrini, cerca del Paseo del Trabajador Municipal, hasta tanto terminen las obras de refacci\u00f3n que se est\u00e1n llevando adelante en Terrazas del Paran\u00e1, que es el lugar donde se desarroll\u00f3 siempre el programa\u201d, agreg\u00f3.<br><br>La funcionaria confirm\u00f3 que para este domingo \u201cest\u00e1n confirmados 28 emprendedores de productos artesanales creativos de dise\u00f1o, textiles, tejidos, deco hogar, juguetes did\u00e1cticos, de gr\u00e1fica, papeler\u00eda y marroquiner\u00eda, agreg\u00e1ndole este a\u00f1o calzados, adem\u00e1s de los habituales emprendedores gastron\u00f3micos que nos acompa\u00f1an siempre\u201d.<\/p>\n\n\n\n<figure class=\"wp-block-image size-large\"><img loading=\"lazy\" decoding=\"async\" width=\"1024\" height=\"690\" src=\"https:\/\/corrientesdetarde.com\/wp-content\/uploads\/2024\/03\/image-8-1024x690.png\" alt=\"\" class=\"wp-image-129414\" srcset=\"https:\/\/corrientesdetarde.com\/wp-content\/uploads\/2024\/03\/image-8-1024x690.png 1024w, https:\/\/corrientesdetarde.com\/wp-content\/uploads\/2024\/03\/image-8-300x202.png 300w, https:\/\/corrientesdetarde.com\/wp-content\/uploads\/2024\/03\/image-8-768x518.png 768w, https:\/\/corrientesdetarde.com\/wp-content\/uploads\/2024\/03\/image-8.png 1255w\" sizes=\"auto, (max-width: 1024px) 100vw, 1024px\" \/><\/figure>\n\n\n\n<p><br><br>Belaustegui record\u00f3 que \u201cCiudad de Dise\u00f1o es un programa de incubaci\u00f3n de emprendimientos de dise\u00f1o que tiene por objetivo que cada emprendedor disponga de un espacio donde pueda hacer conocer y comercializar su marca\u201d, remarcando adem\u00e1s que \u201ceste a\u00f1o estaremos cumpliendo 7 a\u00f1os, as\u00ed que ya nos estamos preparando para el aniversario con muchas sorpresas\u201d.<br><br>En cuanto al acompa\u00f1amiento a los emprendedores, la subsecretaria manifest\u00f3 que continuar\u00e1n con \u201cel apoyo permanente a trav\u00e9s de cr\u00e9ditos y asesoramiento personalizado en\u00a0registro de marcas, plan de negocios y\u00a0marketing\u201d, y que adem\u00e1s se buscar\u00e1 que \u201ccada emprendimiento sea m\u00e1s inclusivo, es por eso que organizamos con el \u00e1rea de Discapacidad municipal un curso en lengua de se\u00f1as y estamos trabajando para que cada stand pueda tener informaci\u00f3n de su emprendimiento en sistema Braille\u201d.<\/p>\n","protected":false},"excerpt":{"rendered":"<p>Tendr\u00e1 lugar este 3 de marzo, de 19 a 23, en el paseo ubicado por la avenida Costanera General San Mart\u00edn y Pellegrini. Durante el a\u00f1o, el programa se llevar\u00e1&hellip; <\/p>\n","protected":false},"author":4,"featured_media":129415,"comment_status":"closed","ping_status":"open","sticky":false,"template":"","format":"standard","meta":{"footnotes":""},"categories":[26],"tags":[],"class_list":["post-129384","post","type-post","status-publish","format-standard","has-post-thumbnail","hentry","category-destacados"],"_links":{"self":[{"href":"https:\/\/corrientesdetarde.com\/index.php\/wp-json\/wp\/v2\/posts\/129384","targetHints":{"allow":["GET"]}}],"collection":[{"href":"https:\/\/corrientesdetarde.com\/index.php\/wp-json\/wp\/v2\/posts"}],"about":[{"href":"https:\/\/corrientesdetarde.com\/index.php\/wp-json\/wp\/v2\/types\/post"}],"author":[{"embeddable":true,"href":"https:\/\/corrientesdetarde.com\/index.php\/wp-json\/wp\/v2\/users\/4"}],"replies":[{"embeddable":true,"href":"https:\/\/corrientesdetarde.com\/index.php\/wp-json\/wp\/v2\/comments?post=129384"}],"version-history":[{"count":1,"href":"https:\/\/corrientesdetarde.com\/index.php\/wp-json\/wp\/v2\/posts\/129384\/revisions"}],"predecessor-version":[{"id":129416,"href":"https:\/\/corrientesdetarde.com\/index.php\/wp-json\/wp\/v2\/posts\/129384\/revisions\/129416"}],"wp:featuredmedia":[{"embeddable":true,"href":"https:\/\/corrientesdetarde.com\/index.php\/wp-json\/wp\/v2\/media\/129415"}],"wp:attachment":[{"href":"https:\/\/corrientesdetarde.com\/index.php\/wp-json\/wp\/v2\/media?parent=129384"}],"wp:term":[{"taxonomy":"category","embeddable":true,"href":"https:\/\/corrientesdetarde.com\/index.php\/wp-json\/wp\/v2\/categories?post=129384"},{"taxonomy":"post_tag","embeddable":true,"href":"https:\/\/corrientesdetarde.com\/index.php\/wp-json\/wp\/v2\/tags?post=129384"}],"curies":[{"name":"wp","href":"https:\/\/api.w.org\/{rel}","templated":true}]}}