{"id":129398,"date":"2024-03-01T21:08:31","date_gmt":"2024-03-02T00:08:31","guid":{"rendered":"https:\/\/corrientesdetarde.com\/?p=129398"},"modified":"2024-03-01T21:08:43","modified_gmt":"2024-03-02T00:08:43","slug":"la-recaudacion-subio-2409-en-febrero-con-72-billones-por-debajo-de-la-inflacion","status":"publish","type":"post","link":"https:\/\/corrientesdetarde.com\/index.php\/economia\/la-recaudacion-subio-2409-en-febrero-con-72-billones-por-debajo-de-la-inflacion\/","title":{"rendered":"La recaudaci\u00f3n subi\u00f3 240,9% en febrero, con 7,2 billones, por debajo de la inflaci\u00f3n"},"content":{"rendered":"\n<p>Los ingresos tributarios no pudieron acompa\u00f1ar la suba de los precios, en medio de un escenario recesivo.<\/p>\n\n\n\n<p>La recaudaci\u00f3n de recursos tributarios alcanz\u00f3\u00a0<strong>$7.249.314 millones<\/strong>, con una variaci\u00f3n interanual de\u00a0<strong>240,9%<\/strong>, por debajo de la inflaci\u00f3n que rond\u00f3 el<strong>\u00a0255%. La merma de recursos se ubicar\u00eda en torno del 11% interanual real, descontada la inflaci\u00f3n, por el mal desempe\u00f1o del Impuesto a las Ganancias y del IVA, los dos pilares del sistema.<\/strong><\/p>\n\n\n\n<p>El&nbsp;<strong>Impuesto al Valor Agregado<\/strong>&nbsp;Neto recaud\u00f3&nbsp;<strong>$ 2.673.178 millones<\/strong>&nbsp;y tuvo una variaci\u00f3n interanual de&nbsp;<strong>286,5%<\/strong>. El IVA Impositivo aument\u00f3 238,3%, en tanto que el IVA Aduanero se increment\u00f3 en 408,2%.<\/p>\n\n\n\n<p>En el IVA Aduanero incidi\u00f3 a favor:<\/p>\n\n\n\n<p>&#8211; El incremento del tipo de cambio.<\/p>\n\n\n\n<p>&#8211; Un d\u00eda h\u00e1bil m\u00e1s de recaudaci\u00f3n en relaci\u00f3n al a\u00f1o anterior y la suspensi\u00f3n de los certificados de no retenci\u00f3n para determinados importadores.<\/p>\n\n\n\n<p>El&nbsp;<strong>Impuesto a las Ganancias<\/strong>&nbsp;present\u00f3 una variaci\u00f3n interanual positiva de 134,5%, recaudando $ 1.092.286 millones.<\/p>\n\n\n\n<p>Oper\u00f3 en este mes el vencimiento del cuarto anticipo de personas humanas, por el per\u00edodo fiscal 2023.<\/p>\n\n\n\n<p>Afectaron negativamente la variaci\u00f3n interanual:<\/p>\n\n\n\n<p>&#8211; La implementaci\u00f3n del Impuesto Cedular a los altos ingresos que tiene un m\u00ednimo no imponible equivalente a 15 salarios m\u00ednimos vitales y m\u00f3viles y una nueva escala.<\/p>\n\n\n\n<p>&#8211; El cambio de esquema de percepciones aplicado a las operaciones de moneda extranjera.<\/p>\n\n\n\n<p>&#8211; La disminuci\u00f3n de la demanda de moneda extranjera para viajes y gastos en el exterior.<\/p>\n\n\n\n<p>Incidi\u00f3 favorablemente que durante el mes de febrero de 2024 se registraron ingresos de pagos a cuenta extraordinarios dispuestos por el Organismo a diversos sectores de la econom\u00eda.<\/p>\n\n\n\n<p>En el&nbsp;<strong>Impuesto a los D\u00e9bitos y Cr\u00e9ditos<\/strong>&nbsp;se alcanzaron $ 571.061 millones, con un incremento interanual de 263,1%.<\/p>\n\n\n\n<p>Los ingresos por&nbsp;<strong>Seguridad Social<\/strong>&nbsp;aumentaron 194,4%, alcanzando $ 1.548.869 millones.<\/p>\n\n\n\n<p>El incremento de la recaudaci\u00f3n se debe principalmente al aumento de:<\/p>\n\n\n\n<p>&#8211; La remuneraci\u00f3n bruta promedio<\/p>\n\n\n\n<p>&#8211; Los puestos de trabajo.<\/p>\n\n\n\n<p>En Derechos de Exportaci\u00f3n se obtuvieron $ 280.581 millones y una variaci\u00f3n interanual de 476,5%.<\/p>\n\n\n\n<p>&#8211; Incidi\u00f3 positivamente la suba del tipo de cambio y un d\u00eda h\u00e1bil m\u00e1s de recaudaci\u00f3n en relaci\u00f3n al a\u00f1o anterior.<\/p>\n\n\n\n<p>&#8211; Atenu\u00f3 la variaci\u00f3n interanual la disminuci\u00f3n de los precios promedio de la mayor\u00eda de los productos de los complejos sojero y cerealero.<\/p>\n\n\n\n<p>En Derechos de Importaci\u00f3n y otros, se obtuvieron $ 219.430 millones y una variaci\u00f3n de 307,3%.<\/p>\n\n\n\n<p>Incidi\u00f3 positivamente la suba del tipo de cambio y un d\u00eda h\u00e1bil m\u00e1s de recaudaci\u00f3n en relaci\u00f3n al a\u00f1o anterior.<\/p>\n\n\n\n<p>En&nbsp;<strong>Bienes Personales<\/strong>, se alcanzaron $ 76.363 millones con una variaci\u00f3n interanual de 29,1%.<\/p>\n\n\n\n<p>Este mes oper\u00f3 el vencimiento del cuarto anticipo de personas humanas, correspondiente al per\u00edodo fiscal 2023.<\/p>\n\n\n\n<p>Incidi\u00f3 negativamente:<\/p>\n\n\n\n<p>&#8211; El cambio del esquema de percepciones aplicado a las operaciones de moneda extranjera.<\/p>\n\n\n\n<p>&#8211; La disminuci\u00f3n de la demanda de moneda extranjera para gastos y viajes en el exterior.<\/p>\n\n\n\n<p>En Impuesto Solidario PAIS se recaudaron $ 575.917 millones con una variaci\u00f3n de 1.439,5%.<\/p>\n\n\n\n<p>Se encuentra incidida favorablemente por la ampliaci\u00f3n de la base imponible del mismo con el ingreso del pago aplicado a determinadas importaciones. A su vez, las mismas se vieron incrementadas respecto a per\u00edodos anteriores, debido a:<\/p>\n\n\n\n<p>&#8211; El incremento del tipo de cambio<\/p>\n\n\n\n<p>&#8211; El aumento de las al\u00edcuotas a partir de este a\u00f1o, tanto del pago a cuenta como de las importaciones de bienes y fletes.<\/p>\n\n\n\n<p>&#8211; La aplicaci\u00f3n del impuesto PAIS para las operaciones con bonos y t\u00edtulos que suscriban los importadores (BOPREAL).<\/p>\n","protected":false},"excerpt":{"rendered":"<p>Los ingresos tributarios no pudieron acompa\u00f1ar la suba de los precios, en medio de un escenario recesivo. La recaudaci\u00f3n de recursos tributarios alcanz\u00f3\u00a0$7.249.314 millones, con una variaci\u00f3n interanual de\u00a0240,9%, por&hellip; <\/p>\n","protected":false},"author":4,"featured_media":129399,"comment_status":"closed","ping_status":"open","sticky":false,"template":"","format":"standard","meta":{"footnotes":""},"categories":[20],"tags":[],"class_list":["post-129398","post","type-post","status-publish","format-standard","has-post-thumbnail","hentry","category-economia"],"_links":{"self":[{"href":"https:\/\/corrientesdetarde.com\/index.php\/wp-json\/wp\/v2\/posts\/129398","targetHints":{"allow":["GET"]}}],"collection":[{"href":"https:\/\/corrientesdetarde.com\/index.php\/wp-json\/wp\/v2\/posts"}],"about":[{"href":"https:\/\/corrientesdetarde.com\/index.php\/wp-json\/wp\/v2\/types\/post"}],"author":[{"embeddable":true,"href":"https:\/\/corrientesdetarde.com\/index.php\/wp-json\/wp\/v2\/users\/4"}],"replies":[{"embeddable":true,"href":"https:\/\/corrientesdetarde.com\/index.php\/wp-json\/wp\/v2\/comments?post=129398"}],"version-history":[{"count":1,"href":"https:\/\/corrientesdetarde.com\/index.php\/wp-json\/wp\/v2\/posts\/129398\/revisions"}],"predecessor-version":[{"id":129400,"href":"https:\/\/corrientesdetarde.com\/index.php\/wp-json\/wp\/v2\/posts\/129398\/revisions\/129400"}],"wp:featuredmedia":[{"embeddable":true,"href":"https:\/\/corrientesdetarde.com\/index.php\/wp-json\/wp\/v2\/media\/129399"}],"wp:attachment":[{"href":"https:\/\/corrientesdetarde.com\/index.php\/wp-json\/wp\/v2\/media?parent=129398"}],"wp:term":[{"taxonomy":"category","embeddable":true,"href":"https:\/\/corrientesdetarde.com\/index.php\/wp-json\/wp\/v2\/categories?post=129398"},{"taxonomy":"post_tag","embeddable":true,"href":"https:\/\/corrientesdetarde.com\/index.php\/wp-json\/wp\/v2\/tags?post=129398"}],"curies":[{"name":"wp","href":"https:\/\/api.w.org\/{rel}","templated":true}]}}