{"id":129401,"date":"2024-03-01T21:10:20","date_gmt":"2024-03-02T00:10:20","guid":{"rendered":"https:\/\/corrientesdetarde.com\/?p=129401"},"modified":"2024-03-01T21:10:38","modified_gmt":"2024-03-02T00:10:38","slug":"ruidos-en-el-mercado-previo-al-discurso-milei-impulsaron-el-dolar-futuro","status":"publish","type":"post","link":"https:\/\/corrientesdetarde.com\/index.php\/economia\/ruidos-en-el-mercado-previo-al-discurso-milei-impulsaron-el-dolar-futuro\/","title":{"rendered":"Ruidos en el mercado previo al discurso Milei impulsaron el d\u00f3lar futuro"},"content":{"rendered":"\n<p>Especulaciones de todo tipo aceleraron operaciones y subieron los precios de posiciones de d\u00f3lar futuro.<\/p>\n\n\n\n<p><strong>El mercado ardi\u00f3 hoy pasado al mediod\u00eda en el Matba Rofex de la mano de especulaciones de todo tipo a partir de los anuncios que podr\u00eda hacer Javier Milei en la apertura de las sesiones legislativas.<\/strong><\/p>\n\n\n\n<p>Una aceleraci\u00f3n del crawling peg (las micro devaluaciones diarias fijadas por el ministerio de Econom\u00eda) fue una de las explicaciones.<\/p>\n\n\n\n<p>En este contexto el BCRA hizo hoy el ajuste intradiario m\u00e1s bajo desde noviembre del a\u00f1o pasado.<\/p>\n\n\n\n<p>En la plaza de futuros&nbsp;<strong>los contratos m\u00e1s cortos subieron hasta un 5,5%.<\/strong><\/p>\n\n\n\n<p>El plazo de marzo subi\u00f3&nbsp;<strong>5,5% hasta los $930<\/strong><strong>&nbsp;<\/strong>(con una tasa nominal anual del 143,7%), especulando con una aceleraci\u00f3n del ritmo de actualizaci\u00f3n del tipo de cambio que este viernes cerr\u00f3 en el mercado spot a&nbsp;<strong>$842,50.<\/strong><\/p>\n\n\n\n<p>Para fines de abril,&nbsp;<strong>el d\u00f3lar escal\u00f3 un 4,6% hasta los $975 (102,7% TNA),<\/strong><strong>&nbsp;<\/strong><strong>mayo avanz\u00f3 un 3,5% a $1.031 (93,9% TNA), junio 3,6% para cerrar a $1.120 (100,9% TNA).<\/strong><strong>&nbsp;<\/strong>A partir de julio, en cambio, los ascensos fueron mucho m\u00e1s moderados, de entre el&nbsp;<strong>1,4% (julio) hasta el 2,8% (octubre).<\/strong><\/p>\n\n\n\n<p>Otras especulaciones estuvieron relacionadas con la posibilidad de la unificaci\u00f3n cambiaria, levantamiento del cepo y el impuesto PAIS.\u00a0<\/p>\n","protected":false},"excerpt":{"rendered":"<p>Especulaciones de todo tipo aceleraron operaciones y subieron los precios de posiciones de d\u00f3lar futuro. El mercado ardi\u00f3 hoy pasado al mediod\u00eda en el Matba Rofex de la mano de&hellip; <\/p>\n","protected":false},"author":4,"featured_media":129402,"comment_status":"closed","ping_status":"open","sticky":false,"template":"","format":"standard","meta":{"footnotes":""},"categories":[20],"tags":[],"class_list":["post-129401","post","type-post","status-publish","format-standard","has-post-thumbnail","hentry","category-economia"],"_links":{"self":[{"href":"https:\/\/corrientesdetarde.com\/index.php\/wp-json\/wp\/v2\/posts\/129401","targetHints":{"allow":["GET"]}}],"collection":[{"href":"https:\/\/corrientesdetarde.com\/index.php\/wp-json\/wp\/v2\/posts"}],"about":[{"href":"https:\/\/corrientesdetarde.com\/index.php\/wp-json\/wp\/v2\/types\/post"}],"author":[{"embeddable":true,"href":"https:\/\/corrientesdetarde.com\/index.php\/wp-json\/wp\/v2\/users\/4"}],"replies":[{"embeddable":true,"href":"https:\/\/corrientesdetarde.com\/index.php\/wp-json\/wp\/v2\/comments?post=129401"}],"version-history":[{"count":2,"href":"https:\/\/corrientesdetarde.com\/index.php\/wp-json\/wp\/v2\/posts\/129401\/revisions"}],"predecessor-version":[{"id":129404,"href":"https:\/\/corrientesdetarde.com\/index.php\/wp-json\/wp\/v2\/posts\/129401\/revisions\/129404"}],"wp:featuredmedia":[{"embeddable":true,"href":"https:\/\/corrientesdetarde.com\/index.php\/wp-json\/wp\/v2\/media\/129402"}],"wp:attachment":[{"href":"https:\/\/corrientesdetarde.com\/index.php\/wp-json\/wp\/v2\/media?parent=129401"}],"wp:term":[{"taxonomy":"category","embeddable":true,"href":"https:\/\/corrientesdetarde.com\/index.php\/wp-json\/wp\/v2\/categories?post=129401"},{"taxonomy":"post_tag","embeddable":true,"href":"https:\/\/corrientesdetarde.com\/index.php\/wp-json\/wp\/v2\/tags?post=129401"}],"curies":[{"name":"wp","href":"https:\/\/api.w.org\/{rel}","templated":true}]}}