{"id":129405,"date":"2024-03-01T21:13:13","date_gmt":"2024-03-02T00:13:13","guid":{"rendered":"https:\/\/corrientesdetarde.com\/?p=129405"},"modified":"2024-03-01T21:13:24","modified_gmt":"2024-03-02T00:13:24","slug":"san-cosme-pueblo-con-identidad-litoralena","status":"publish","type":"post","link":"https:\/\/corrientesdetarde.com\/index.php\/cultura\/san-cosme-pueblo-con-identidad-litoralena\/","title":{"rendered":"San Cosme, pueblo con identidad litorale\u00f1a"},"content":{"rendered":"\n<p>Este t\u00edpico pueblo correntino est\u00e1 cargado de historias, mitos y leyendas,&nbsp;adem\u00e1s de que es due\u00f1a de un estilo espa\u00f1ol con una plaza central, en cuyo entorno se concentran las instituciones p\u00fablicas y el vecindario m\u00e1s antiguo. Ubicado a 35 kil\u00f3metros de la ciudad de Corrientes, sus viviendas y construcciones invitan a turistas y visitantes a trasladarse imaginariamente al siglo XVII.<\/p>\n\n\n\n<p>Esta particular y colorida localidad se destaca porque all\u00ed nacieron grandes \u00e9xitos chamameceros, como Kil\u00f3metro 11&nbsp;y Puente Pexoa, de la mano de Tr\u00e1nsito Cocomarola, artista renombrado del Litoral.<\/p>\n\n\n\n<p>Mario del Tr\u00e1nsito Cocomarola fue un m\u00fasico y folclorista argentino, una de las m\u00e1s influyentes figuras del chamam\u00e9. Entre su amplio repertorio, que ronda las 400 composiciones, se incluyen algunos cl\u00e1sicos como: Puente Pexoa, Rinc\u00f3n dichoso y Retorno.<\/p>\n\n\n\n<p>De esta manera, San Cosme&nbsp;vio nacer al Padre del Chamame, compositor del himno correntino, Kil\u00f3metro 11.&nbsp; Falleci\u00f3 el 19 de septiembre de 1974 y es as\u00ed que, en Corrientes, la Ley Provincial N\u00b03278 instituy\u00f3 esa fecha como &#8220;D\u00eda del Chamam\u00e9&#8221;. P\u00f3stumamente fue nombrado &#8220;Ciudadano Ilustre&#8221;&nbsp;de la ciudad Capital.<\/p>\n\n\n\n<p>El turismo en San Cosme es uno de los puntos claves para su desarrollo en general, por lo tanto, cuenta con atractivos y productos tur\u00edsticos dignos de ser recorridos y conocidos.<\/p>\n\n\n\n<p><strong>Laguna Totora<\/strong><\/p>\n\n\n\n<p>En los d\u00edas de verano, San Cosme ofrece la posibilidad de refugiarse en la Laguna Totora, contando con 10 hect\u00e1reas de aguas cristalinas y m\u00e1s de 300 metros de playa de desarrollo de deportes acu\u00e1ticos, como vela, remo, canotaje, windsurf, Kite Boarding, Buceo, Kayac, parapente y toboganes acu\u00e1ticos entre otros. En sus cercan\u00edas, en un contexto natural se levanta un camping con parrilla, donde tanto turistas como visitantes podr\u00e1n instalarse con garantizadas jornadas de placer y diversi\u00f3n.<\/p>\n\n\n\n<p>El balneario municipal cuenta con quincho con parrilla, energ\u00eda el\u00e9ctrica, pileta de lavar, sanitarios, duchas, canchas para la pr\u00e1ctica de v\u00f3ley de playa y otros deportes, juegos infantiles en una suerte de guarder\u00eda, iluminaci\u00f3n nocturna, seguridad brindada por una brigada de la polic\u00eda playera; amplio predio para el estacionamiento de veh\u00edculos; dos bares-confiter\u00edas. La laguna es el espejo de agua m\u00e1s importante y reconocido a nivel nacional.<\/p>\n\n\n\n<p><strong>Lugar donde se aloj\u00f3 Mitre<\/strong><\/p>\n\n\n\n<p>Fue la casa en donde se aloj\u00f3 el General Bartolom\u00e9 Mitre en 1865 durante la guerra de la Triple Alianza, contra la hermana Rep\u00fablica del Paraguay. Actualmente es sede del Museo Hist\u00f3rico Municipal y de la Biblioteca Popular, donde se realiza el encuentro de comidas t\u00edpicas y bailantas chamameceras en verano.<\/p>\n\n\n\n<p>Se encuentra en pleno centro de dicha localidad, a unos 26 km. de la Capital correntina. Se trata de una casa hist\u00f3rica que est\u00e1 enlazada al cementerio hist\u00f3rico creado en la mencionada guerra.<\/p>\n\n\n\n<figure class=\"wp-block-image size-full\"><img loading=\"lazy\" decoding=\"async\" width=\"493\" height=\"365\" src=\"https:\/\/corrientesdetarde.com\/wp-content\/uploads\/2024\/03\/image-5.png\" alt=\"\" class=\"wp-image-129409\" srcset=\"https:\/\/corrientesdetarde.com\/wp-content\/uploads\/2024\/03\/image-5.png 493w, https:\/\/corrientesdetarde.com\/wp-content\/uploads\/2024\/03\/image-5-300x222.png 300w\" sizes=\"auto, (max-width: 493px) 100vw, 493px\" \/><\/figure>\n\n\n\n<p><strong>Cementerio hist\u00f3rico<\/strong><\/p>\n\n\n\n<p>Data del a\u00f1o 1850, donde est\u00e1n sepultados los primeros pobladores. En noviembre de 2011, el Senado de Corrientes convirti\u00f3 en ley la declaraci\u00f3n de sitio hist\u00f3rico de inter\u00e9s arqueol\u00f3gico al Cementerio de San Cosme de las Ensenadas. Se trata de un predio cercado lleno de historias y leyendas por su antig\u00fcedad y los estilos arquitect\u00f3nicos que se mantienen a trav\u00e9s del tiempo.<\/p>\n\n\n\n<p>Conforma en San Cosme una v\u00eda de turismo para estudiantes y turistas que deseen conocer la historia y el valor que posee. Es un museo patrimonial en el que debajo hay un t\u00fanel que recorre por los menos 300 metros hasta llegar a los s\u00f3tanos de la Parroquia San Cosme y San Dami\u00e1n.<\/p>\n\n\n\n<p>Es uno de los ocho cementerios m\u00e1s antiguos del pa\u00eds. Por las historias que albergan, su valor patrimonial, su arquitectura, su acervo cultural y los nombres de quienes en ellos descansan son el motivo de la importancia de este cementerio.<\/p>\n\n\n\n<figure class=\"wp-block-image size-full\"><img loading=\"lazy\" decoding=\"async\" width=\"706\" height=\"521\" src=\"https:\/\/corrientesdetarde.com\/wp-content\/uploads\/2024\/03\/image-2.png\" alt=\"\" class=\"wp-image-129406\" srcset=\"https:\/\/corrientesdetarde.com\/wp-content\/uploads\/2024\/03\/image-2.png 706w, https:\/\/corrientesdetarde.com\/wp-content\/uploads\/2024\/03\/image-2-300x221.png 300w\" sizes=\"auto, (max-width: 706px) 100vw, 706px\" \/><\/figure>\n\n\n\n<figure class=\"wp-block-image size-full\"><img loading=\"lazy\" decoding=\"async\" width=\"950\" height=\"480\" src=\"https:\/\/corrientesdetarde.com\/wp-content\/uploads\/2024\/03\/image-3.png\" alt=\"\" class=\"wp-image-129407\" srcset=\"https:\/\/corrientesdetarde.com\/wp-content\/uploads\/2024\/03\/image-3.png 950w, https:\/\/corrientesdetarde.com\/wp-content\/uploads\/2024\/03\/image-3-300x152.png 300w, https:\/\/corrientesdetarde.com\/wp-content\/uploads\/2024\/03\/image-3-768x388.png 768w\" sizes=\"auto, (max-width: 950px) 100vw, 950px\" \/><\/figure>\n\n\n\n<figure class=\"wp-block-image size-large\"><img loading=\"lazy\" decoding=\"async\" width=\"1024\" height=\"671\" src=\"https:\/\/corrientesdetarde.com\/wp-content\/uploads\/2024\/03\/image-4-1024x671.png\" alt=\"\" class=\"wp-image-129408\" srcset=\"https:\/\/corrientesdetarde.com\/wp-content\/uploads\/2024\/03\/image-4-1024x671.png 1024w, https:\/\/corrientesdetarde.com\/wp-content\/uploads\/2024\/03\/image-4-300x197.png 300w, https:\/\/corrientesdetarde.com\/wp-content\/uploads\/2024\/03\/image-4-768x503.png 768w, https:\/\/corrientesdetarde.com\/wp-content\/uploads\/2024\/03\/image-4.png 1054w\" sizes=\"auto, (max-width: 1024px) 100vw, 1024px\" \/><\/figure>\n","protected":false},"excerpt":{"rendered":"<p>Este t\u00edpico pueblo correntino est\u00e1 cargado de historias, mitos y leyendas,&nbsp;adem\u00e1s de que es due\u00f1a de un estilo espa\u00f1ol con una plaza central, en cuyo entorno se concentran las instituciones&hellip; <\/p>\n","protected":false},"author":4,"featured_media":129410,"comment_status":"closed","ping_status":"open","sticky":false,"template":"","format":"standard","meta":{"footnotes":""},"categories":[15,26],"tags":[],"class_list":["post-129405","post","type-post","status-publish","format-standard","has-post-thumbnail","hentry","category-cultura","category-destacados"],"_links":{"self":[{"href":"https:\/\/corrientesdetarde.com\/index.php\/wp-json\/wp\/v2\/posts\/129405","targetHints":{"allow":["GET"]}}],"collection":[{"href":"https:\/\/corrientesdetarde.com\/index.php\/wp-json\/wp\/v2\/posts"}],"about":[{"href":"https:\/\/corrientesdetarde.com\/index.php\/wp-json\/wp\/v2\/types\/post"}],"author":[{"embeddable":true,"href":"https:\/\/corrientesdetarde.com\/index.php\/wp-json\/wp\/v2\/users\/4"}],"replies":[{"embeddable":true,"href":"https:\/\/corrientesdetarde.com\/index.php\/wp-json\/wp\/v2\/comments?post=129405"}],"version-history":[{"count":1,"href":"https:\/\/corrientesdetarde.com\/index.php\/wp-json\/wp\/v2\/posts\/129405\/revisions"}],"predecessor-version":[{"id":129411,"href":"https:\/\/corrientesdetarde.com\/index.php\/wp-json\/wp\/v2\/posts\/129405\/revisions\/129411"}],"wp:featuredmedia":[{"embeddable":true,"href":"https:\/\/corrientesdetarde.com\/index.php\/wp-json\/wp\/v2\/media\/129410"}],"wp:attachment":[{"href":"https:\/\/corrientesdetarde.com\/index.php\/wp-json\/wp\/v2\/media?parent=129405"}],"wp:term":[{"taxonomy":"category","embeddable":true,"href":"https:\/\/corrientesdetarde.com\/index.php\/wp-json\/wp\/v2\/categories?post=129405"},{"taxonomy":"post_tag","embeddable":true,"href":"https:\/\/corrientesdetarde.com\/index.php\/wp-json\/wp\/v2\/tags?post=129405"}],"curies":[{"name":"wp","href":"https:\/\/api.w.org\/{rel}","templated":true}]}}