{"id":129443,"date":"2024-03-01T22:21:45","date_gmt":"2024-03-02T01:21:45","guid":{"rendered":"https:\/\/corrientesdetarde.com\/?p=129443"},"modified":"2024-03-01T22:49:10","modified_gmt":"2024-03-02T01:49:10","slug":"pacto-de-mayo-los-10-puntos-de-javier-milei-que-propuso-a-la-oposicion","status":"publish","type":"post","link":"https:\/\/corrientesdetarde.com\/index.php\/nacionales\/pacto-de-mayo-los-10-puntos-de-javier-milei-que-propuso-a-la-oposicion\/","title":{"rendered":"Pacto de Mayo: los 10 puntos de Javier Milei que propuso a la oposici\u00f3n"},"content":{"rendered":"\n<p>Este pacto, previsto para ser ratificado el pr\u00f3ximo 25 de mayo en C\u00f3rdoba, busca redefinir el futuro del pa\u00eds a trav\u00e9s de diez puntos fundamentales, marcando un antes y un despu\u00e9s en la gesti\u00f3n p\u00fablica y la pol\u00edtica econ\u00f3mica argentina.<\/p>\n\n\n\n<p>El Presidente de la Naci\u00f3n,&nbsp;<strong>Javier Milei<\/strong>, convoc\u00f3 a todas las provincias y a la Ciudad Aut\u00f3noma de Buenos Aires a firmar un innovador acuerdo fundacional.<\/p>\n\n\n\n<p>El denominado &#8220;Pacto del 25 de Mayo&#8221; se presenta como una respuesta a los desaf\u00edos contempor\u00e1neos que enfrenta Argentina, proponiendo medidas audaces en \u00e1reas clave como la econom\u00eda, la pol\u00edtica, y el marco social.<\/p>\n\n\n\n<p>Entre las propuestas m\u00e1s destacadas se encuentran la inviolabilidad de la propiedad privada, el equilibrio fiscal innegociable, y una significativa reducci\u00f3n del gasto p\u00fablico, que busca situarse en torno al 25% del Producto Bruto Interno.<\/p>\n\n\n\n<p>La reforma tributaria es otro de los pilares de este pacto, con el objetivo de aliviar la carga impositiva sobre los ciudadanos y las empresas, fomentando as\u00ed el comercio y la inversi\u00f3n. Se busca tambi\u00e9n una revisi\u00f3n de la coparticipaci\u00f3n federal de impuestos, poniendo fin al modelo considerado extorsivo que ha prevalecido hasta ahora.<\/p>\n\n\n\n<p>En el \u00e1mbito laboral y previsional, se propone una modernizaci\u00f3n que promueva el empleo formal y asegure la sustentabilidad del sistema de jubilaciones, permitiendo adem\u00e1s la opci\u00f3n de un r\u00e9gimen privado para aquellos que as\u00ed lo prefieran.<\/p>\n\n\n\n<p>La reforma pol\u00edtica estructural busca, por su parte, realinear los intereses de los representantes con los de los representados, fortaleciendo la democracia argentina.<\/p>\n\n\n\n<p>Finalmente, el pacto pone especial \u00e9nfasis en la apertura al comercio internacional, con la visi\u00f3n de reintegrar a Argentina en el mercado global como un actor de peso, aprovechando sus vastos recursos naturales y su potencial productivo.<br>&nbsp;<\/p>\n\n\n\n<h3 class=\"wp-block-heading\">Los puntos de &#8220;Partida para la Libertad de los Argentinos\u201d<\/h3>\n\n\n\n<p>1. La inviolabilidad de la propiedad privada.<br>2. El equilibrio fiscal innegociable.<br>3. La reducci\u00f3n del gasto p\u00fablico a niveles hist\u00f3ricos, en torno al 25% del Producto Bruto Interno.<br>4. Una reforma tributaria que reduzca la presi\u00f3n impositiva, simplifique la vida de los argentinos y promueva el comercio.<br>5. La rediscusi\u00f3n de la coparticipaci\u00f3n federal de impuestos para terminar para siempre con el modelo extorsivo actual.<br>6. Un compromiso de las provincias de avanzar en la explotaci\u00f3n de los recursos naturales del pa\u00eds.<br>7. Una reforma laboral moderna que promueva el trabajo formal.<br>8. Una reforma previsional que le d\u00e9 sustentabilidad al sistema, respete a quienes aportaron y permita, a quienes prefieran, suscribirse a un sistema privado de jubilaci\u00f3n.<br>9. Una reforma pol\u00edtica estructural que modifique el sistema actual y vuelva a alinear los intereses de los representantes y los representados.<br>10. La apertura al comercio internacional, de manera que la Argentina vuelva a ser una protagonista del mercado global.<\/p>\n","protected":false},"excerpt":{"rendered":"<p>Este pacto, previsto para ser ratificado el pr\u00f3ximo 25 de mayo en C\u00f3rdoba, busca redefinir el futuro del pa\u00eds a trav\u00e9s de diez puntos fundamentales, marcando un antes y un&hellip; <\/p>\n","protected":false},"author":4,"featured_media":129444,"comment_status":"closed","ping_status":"open","sticky":false,"template":"","format":"standard","meta":{"footnotes":""},"categories":[10],"tags":[],"class_list":["post-129443","post","type-post","status-publish","format-standard","has-post-thumbnail","hentry","category-nacionales"],"_links":{"self":[{"href":"https:\/\/corrientesdetarde.com\/index.php\/wp-json\/wp\/v2\/posts\/129443","targetHints":{"allow":["GET"]}}],"collection":[{"href":"https:\/\/corrientesdetarde.com\/index.php\/wp-json\/wp\/v2\/posts"}],"about":[{"href":"https:\/\/corrientesdetarde.com\/index.php\/wp-json\/wp\/v2\/types\/post"}],"author":[{"embeddable":true,"href":"https:\/\/corrientesdetarde.com\/index.php\/wp-json\/wp\/v2\/users\/4"}],"replies":[{"embeddable":true,"href":"https:\/\/corrientesdetarde.com\/index.php\/wp-json\/wp\/v2\/comments?post=129443"}],"version-history":[{"count":2,"href":"https:\/\/corrientesdetarde.com\/index.php\/wp-json\/wp\/v2\/posts\/129443\/revisions"}],"predecessor-version":[{"id":129446,"href":"https:\/\/corrientesdetarde.com\/index.php\/wp-json\/wp\/v2\/posts\/129443\/revisions\/129446"}],"wp:featuredmedia":[{"embeddable":true,"href":"https:\/\/corrientesdetarde.com\/index.php\/wp-json\/wp\/v2\/media\/129444"}],"wp:attachment":[{"href":"https:\/\/corrientesdetarde.com\/index.php\/wp-json\/wp\/v2\/media?parent=129443"}],"wp:term":[{"taxonomy":"category","embeddable":true,"href":"https:\/\/corrientesdetarde.com\/index.php\/wp-json\/wp\/v2\/categories?post=129443"},{"taxonomy":"post_tag","embeddable":true,"href":"https:\/\/corrientesdetarde.com\/index.php\/wp-json\/wp\/v2\/tags?post=129443"}],"curies":[{"name":"wp","href":"https:\/\/api.w.org\/{rel}","templated":true}]}}