{"id":129455,"date":"2024-03-02T00:20:21","date_gmt":"2024-03-02T03:20:21","guid":{"rendered":"https:\/\/corrientesdetarde.com\/?p=129455"},"modified":"2024-03-02T00:20:33","modified_gmt":"2024-03-02T03:20:33","slug":"maria-becerra-cargo-contra-javier-milei-hay-cosas-mas-importantes-para-hacer-que-likear-400-tuits-en-un-dia","status":"publish","type":"post","link":"https:\/\/corrientesdetarde.com\/index.php\/espectaculos\/maria-becerra-cargo-contra-javier-milei-hay-cosas-mas-importantes-para-hacer-que-likear-400-tuits-en-un-dia\/","title":{"rendered":"Mar\u00eda Becerra carg\u00f3 contra Javier Milei: \u201cHay cosas m\u00e1s importantes para hacer que likear 400 tuits en un d\u00eda\u201d"},"content":{"rendered":"\n<p>La cantante volvi\u00f3 a mostrar su desacuerdo con el Presidente. \u00bfQu\u00e9 m\u00e1s dijo?<\/p>\n\n\n\n<p>Despu\u00e9s del\u00a0esc\u00e1ndalo que protagonizaron\u00a0<strong>Javier Milei\u00a0<\/strong>y\u00a0<strong>Lali Esp\u00f3sito<\/strong>, la cantante\u00a0<strong>Mar\u00eda Becerra\u00a0<\/strong>no dej\u00f3 sus diferencias a un costado y volvi\u00f3 a cargar contra el Presidente. En esta oportunidad, consider\u00f3 que \u201c<strong>hay cosas m\u00e1s importantes para hacer que likear 400 tuits en un d\u00eda\u201d<\/strong>, en referencia a la actividad que el economista tiene en las redes sociales.<\/p>\n\n\n\n<p>\u201cPor el momento no uso mis redes para dar un mensaje tan pol\u00edtico directamente, pero la verdad es que<strong>&nbsp;apoyo y comparto lo que hace Lali<\/strong>. Yo la banco mucho a ella, la conozco mucho, es una gran persona, me encanta c\u00f3mo piensa y lo inteligente que es, c\u00f3mo habla y las cosas que expresa. La verdad que comparto\u201d, expres\u00f3 la artista.&nbsp;<\/p>\n\n\n\n<p>Y a\u00f1adi\u00f3: \u201cSin embargo, creo que&nbsp;<strong>me parece un mont\u00f3n todo lo que est\u00e1 sucediendo<\/strong>. Siento que es un manejo de las redes sociales, de las fake news. Nada, muy confuso y<strong>&nbsp;siento que se subestima al pueblo y a la gente un mont\u00f3n, con fake news y con un mont\u00f3n de cosas que se dicen, arm\u00e1ndose todo un revuelo pol\u00edtico y pol\u00e9mico que no da<\/strong>\u201d.<\/p>\n\n\n\n<p>\u201c<strong>Yo siento que tiene que haber m\u00e1s seriedad en el cargo que est\u00e1 ocupando<\/strong>. Lo digo con todo respeto, obviamente es el presidente electo y me dirijo a \u00e9l con respeto. Pero, me parece que hay un mont\u00f3n de cosas m\u00e1s importantes que hacer, \u00bfno? M\u00e1s por la situaci\u00f3n que est\u00e1 viviendo el pa\u00eds, antes que estar peleando en las redes sociales o likear 400 tuits en un d\u00eda\u201d, apunt\u00f3.<\/p>\n\n\n\n<h3 class=\"wp-block-heading\">La anterior cr\u00edtica de Mar\u00eda Becerra a Javier Milei<\/h3>\n\n\n\n<p>No es la primera vez que La Nena de Argentina critica a Javier Milei. Por caso, hace algunos d\u00edas consider\u00f3 que el pa\u00eds \u201cno est\u00e1 pasando por un buen momento\u201d y dese\u00f3: \u201c<strong>Lo \u00fanico que espero es que sean puras promesas, y que realmente se haga algo. Nunca me he casado con ning\u00fan pol\u00edtico, nunca me he puesto la bandera de nadie\u201d.<\/strong><\/p>\n\n\n\n<p>\u201cEs una realidad que los escucho decir: \u2018uh como subi\u00f3 esto, lo otro\u2019.<strong>&nbsp;Espero que todo termine siendo para bien, que todo mejore y hagan su labor<\/strong>. Pero cuando el Presidente agarra y se lanza contra una artista p\u00fablicamente y empieza a vociferar, \u00bfc\u00f3mo te cae eso?\u201d, se pregunt\u00f3.<\/p>\n\n\n\n<p>\u201cPara m\u00ed es cualquier cosa, forma parte de la democracia, de la libre expresi\u00f3n, gracias a Dios estamos en democracia hace bastantes a\u00f1os.&nbsp;<strong>Querer silenciar a alguien porque est\u00e1 diciendo lo que piensa no va<\/strong>\u201d, finaliz\u00f3.<\/p>\n","protected":false},"excerpt":{"rendered":"<p>La cantante volvi\u00f3 a mostrar su desacuerdo con el Presidente. \u00bfQu\u00e9 m\u00e1s dijo? Despu\u00e9s del\u00a0esc\u00e1ndalo que protagonizaron\u00a0Javier Milei\u00a0y\u00a0Lali Esp\u00f3sito, la cantante\u00a0Mar\u00eda Becerra\u00a0no dej\u00f3 sus diferencias a un costado y volvi\u00f3&hellip; <\/p>\n","protected":false},"author":4,"featured_media":129456,"comment_status":"closed","ping_status":"open","sticky":false,"template":"","format":"standard","meta":{"footnotes":""},"categories":[19],"tags":[],"class_list":["post-129455","post","type-post","status-publish","format-standard","has-post-thumbnail","hentry","category-espectaculos"],"_links":{"self":[{"href":"https:\/\/corrientesdetarde.com\/index.php\/wp-json\/wp\/v2\/posts\/129455","targetHints":{"allow":["GET"]}}],"collection":[{"href":"https:\/\/corrientesdetarde.com\/index.php\/wp-json\/wp\/v2\/posts"}],"about":[{"href":"https:\/\/corrientesdetarde.com\/index.php\/wp-json\/wp\/v2\/types\/post"}],"author":[{"embeddable":true,"href":"https:\/\/corrientesdetarde.com\/index.php\/wp-json\/wp\/v2\/users\/4"}],"replies":[{"embeddable":true,"href":"https:\/\/corrientesdetarde.com\/index.php\/wp-json\/wp\/v2\/comments?post=129455"}],"version-history":[{"count":1,"href":"https:\/\/corrientesdetarde.com\/index.php\/wp-json\/wp\/v2\/posts\/129455\/revisions"}],"predecessor-version":[{"id":129457,"href":"https:\/\/corrientesdetarde.com\/index.php\/wp-json\/wp\/v2\/posts\/129455\/revisions\/129457"}],"wp:featuredmedia":[{"embeddable":true,"href":"https:\/\/corrientesdetarde.com\/index.php\/wp-json\/wp\/v2\/media\/129456"}],"wp:attachment":[{"href":"https:\/\/corrientesdetarde.com\/index.php\/wp-json\/wp\/v2\/media?parent=129455"}],"wp:term":[{"taxonomy":"category","embeddable":true,"href":"https:\/\/corrientesdetarde.com\/index.php\/wp-json\/wp\/v2\/categories?post=129455"},{"taxonomy":"post_tag","embeddable":true,"href":"https:\/\/corrientesdetarde.com\/index.php\/wp-json\/wp\/v2\/tags?post=129455"}],"curies":[{"name":"wp","href":"https:\/\/api.w.org\/{rel}","templated":true}]}}