{"id":129516,"date":"2024-03-02T10:01:17","date_gmt":"2024-03-02T13:01:17","guid":{"rendered":"https:\/\/corrientesdetarde.com\/?p=129516"},"modified":"2024-03-02T10:01:21","modified_gmt":"2024-03-02T13:01:21","slug":"corrientes-se-suma-a-la-campana-nacional-de-deteccion-de-glaucoma","status":"publish","type":"post","link":"https:\/\/corrientesdetarde.com\/index.php\/bienestar-y-salud\/corrientes-se-suma-a-la-campana-nacional-de-deteccion-de-glaucoma\/","title":{"rendered":"Corrientes se suma a la Campa\u00f1a Nacional de Detecci\u00f3n de Glaucoma"},"content":{"rendered":"\n<p>Se concretar\u00e1 el viernes 15 de marzo en m\u00e1s de 100 centros de salud p\u00fablicos y privados del pa\u00eds. Se trata de una acci\u00f3n preventiva en salud ocular destinada a concientizar sobre esta enfermedad que afecta a m\u00e1s de un mill\u00f3n de argentinos, aunque la mitad no lo sabe.<\/p>\n\n\n\n<p>El viernes 15 de marzo se desarrollar\u00e1 la 24\u00b0 edici\u00f3n de la Campa\u00f1a Nacional de Detecci\u00f3n de Glaucoma, durante la cual, hospitales y centros m\u00e9dicos adheridos atender\u00e1n de forma gratuita y por orden de llegada a todas las personas, de todas las edades, que se acerquen voluntariamente a la consulta.<\/p>\n\n\n\n<p>El glaucoma es una enfermedad de los ojos que consiste en una lesi\u00f3n irreversible del nervio \u00f3ptico que conlleva una p\u00e9rdida progresiva del campo visual. La causa principal es una alta presi\u00f3n intraocular, aunque tambi\u00e9n existen otros factores de riesgo como la diabetes, antecedentes familiares o hipertensi\u00f3n arterial.<\/p>\n\n\n\n<p>Durante ese d\u00eda, los m\u00e9dicos oftalm\u00f3logos tomar\u00e1n la presi\u00f3n intraocular y realizar\u00e1n ex\u00e1menes de la papila del nervio \u00f3ptico, dos estudios sencillos, breves y no invasivos que permiten detectar la enfermedad. En Corrientes, se concretar\u00e1n en el Hospital Llano, avenida Ayacucho 3298, y el Hospital Geri\u00e1trico Juana Cabral, Belgrano 1353.<\/p>\n\n\n\n<figure class=\"wp-block-image\"><img decoding=\"async\" src=\"https:\/\/www.diarioepoca.com\/content\/bucket\/5\/1350935w380h356c.jpg.webp\" alt=\"\"\/><\/figure>\n\n\n\n<p>Esta iniciativa se organiza desde 1997 gracias al apoyo fundamental de oftalm\u00f3logos argentinos y de distintas empresas de la industria oftalmol\u00f3gica.<\/p>\n\n\n\n<p>&#8220;Dado que esta enfermedad no presenta s\u00edntomas ni molestias en su fase inicial, las personas afectadas desconocen que la padecen. Por esta raz\u00f3n, se la suele calificar como el &#8220;ladr\u00f3n silencioso de la visi\u00f3n&#8221;. Pero hay una buena noticia: con un diagn\u00f3stico oportuno y un tratamiento adecuado, la gran mayor\u00eda de los pacientes con glaucoma conservan su visi\u00f3n, expres\u00f3 Daniel Grigera, m\u00e9dico oftalm\u00f3logo e integrante del Consejo Argentino de Oftalmolog\u00eda (CAO).<\/p>\n\n\n\n<figure class=\"wp-block-image\"><img decoding=\"async\" src=\"https:\/\/www.diarioepoca.com\/content\/bucket\/4\/1350934w380h230c.jpg.webp\" alt=\"\"\/><\/figure>\n\n\n\n<p>&#8220;En caso de detectar posibles s\u00edntomas de glaucoma (presi\u00f3n intraocular alta o alg\u00fan da\u00f1o en el fondo de ojo), el oftalm\u00f3logo pedir\u00e1 la realizaci\u00f3n de otros estudios para indicar el tratamiento m\u00e1s adecuado en cada caso. Estos estudios forman parte de la consulta habitual&#8221;, asegur\u00f3 el Alejo Peyret, m\u00e9dico oftalm\u00f3logo y expresidente de ASAG.<\/p>\n\n\n\n<p>&#8220;Si bien la p\u00e9rdida de visi\u00f3n ocasionada por el glaucoma no se puede recuperar, su progreso se puede controlar mediante diferentes formas de tratamiento, desde la aplicaci\u00f3n de gotas que reducen la presi\u00f3n en el ojo, pasando por l\u00e1seres hasta una cirug\u00eda incisional. Es importante comprender que el glaucoma no tratado lleva a la ceguera en forma irreversible&#8221;, precis\u00f3 Mar\u00eda Ang\u00e9lica Moussalli, m\u00e9dica oftalm\u00f3loga e integrante de la Comisi\u00f3n Directiva de la Asociaci\u00f3n Argentina de Glaucoma (ASAG).<\/p>\n\n\n\n<p>&#8220;Cada a\u00f1o, mediante esta campa\u00f1a, entre 5.000 \u0096 8.000 personas reciben atenci\u00f3n m\u00e9dico oftalmol\u00f3gica gratuita y en la mayor\u00eda de los casos, es la primera visita al oftalm\u00f3logo. Todos podemos tener glaucoma, pero hay quienes tienen m\u00e1s riesgo de padecerlo: personas mayores de 40 a\u00f1os, personas con antecedentes familiares directos de glaucoma, personas que usaron o usan corticoides, personas que sufrieron traumatismos en los ojos&#8221;, sostuvo Javier Casiraghi, expresidente del CAO.<\/p>\n","protected":false},"excerpt":{"rendered":"<p>Se concretar\u00e1 el viernes 15 de marzo en m\u00e1s de 100 centros de salud p\u00fablicos y privados del pa\u00eds. Se trata de una acci\u00f3n preventiva en salud ocular destinada a&hellip; <\/p>\n","protected":false},"author":3,"featured_media":129523,"comment_status":"closed","ping_status":"open","sticky":false,"template":"","format":"standard","meta":{"footnotes":""},"categories":[16],"tags":[],"class_list":["post-129516","post","type-post","status-publish","format-standard","has-post-thumbnail","hentry","category-bienestar-y-salud"],"_links":{"self":[{"href":"https:\/\/corrientesdetarde.com\/index.php\/wp-json\/wp\/v2\/posts\/129516","targetHints":{"allow":["GET"]}}],"collection":[{"href":"https:\/\/corrientesdetarde.com\/index.php\/wp-json\/wp\/v2\/posts"}],"about":[{"href":"https:\/\/corrientesdetarde.com\/index.php\/wp-json\/wp\/v2\/types\/post"}],"author":[{"embeddable":true,"href":"https:\/\/corrientesdetarde.com\/index.php\/wp-json\/wp\/v2\/users\/3"}],"replies":[{"embeddable":true,"href":"https:\/\/corrientesdetarde.com\/index.php\/wp-json\/wp\/v2\/comments?post=129516"}],"version-history":[{"count":1,"href":"https:\/\/corrientesdetarde.com\/index.php\/wp-json\/wp\/v2\/posts\/129516\/revisions"}],"predecessor-version":[{"id":129551,"href":"https:\/\/corrientesdetarde.com\/index.php\/wp-json\/wp\/v2\/posts\/129516\/revisions\/129551"}],"wp:featuredmedia":[{"embeddable":true,"href":"https:\/\/corrientesdetarde.com\/index.php\/wp-json\/wp\/v2\/media\/129523"}],"wp:attachment":[{"href":"https:\/\/corrientesdetarde.com\/index.php\/wp-json\/wp\/v2\/media?parent=129516"}],"wp:term":[{"taxonomy":"category","embeddable":true,"href":"https:\/\/corrientesdetarde.com\/index.php\/wp-json\/wp\/v2\/categories?post=129516"},{"taxonomy":"post_tag","embeddable":true,"href":"https:\/\/corrientesdetarde.com\/index.php\/wp-json\/wp\/v2\/tags?post=129516"}],"curies":[{"name":"wp","href":"https:\/\/api.w.org\/{rel}","templated":true}]}}