{"id":129633,"date":"2024-03-02T19:08:10","date_gmt":"2024-03-02T22:08:10","guid":{"rendered":"https:\/\/corrientesdetarde.com\/?p=129633"},"modified":"2024-03-02T19:08:14","modified_gmt":"2024-03-02T22:08:14","slug":"el-consejo-interamericano-del-comercio-y-la-produccion-apoyo-el-pacto-de-mayo","status":"publish","type":"post","link":"https:\/\/corrientesdetarde.com\/index.php\/economia\/el-consejo-interamericano-del-comercio-y-la-produccion-apoyo-el-pacto-de-mayo\/","title":{"rendered":"El Consejo Interamericano del Comercio y la Producci\u00f3n apoy\u00f3 el Pacto de Mayo"},"content":{"rendered":"\n<p>Durante las sesiones ordinarias en el Congreso de la Naci\u00f3n,\u00a0Javier Milei\u00a0propuso el<strong>Pacto de Mayo<\/strong>. En este marco, los empresarios del Consejo Interamericano del Comercio y la Producci\u00f3n (CICyP)\u00a0<strong>brindaron su apoyo a esta medida<\/strong>.<\/p>\n\n\n\n<p>\u201cEl Cap\u00edtulo Argentino del Consejo Interamericano del Comercio y la Producci\u00f3n (CICYP)&nbsp;<strong>respalda las palabras expresadas por el presidente Javier Milei&nbsp;<\/strong>durante su discurso inaugural del 142\u00b0 per\u00edodo de sesiones ordinarias en el Congreso de la Naci\u00f3n\u201d, expresa el comunicado.<\/p>\n\n\n\n<p>\u201cConsideramos que dichas declaraciones<strong>&nbsp;colocan al pa\u00eds ante una oportunidad singular para retomar el camino del desarrollo y restablecer los consensos fundamentales, evitando as\u00ed un nuevo fracaso<\/strong>\u201d, contin\u00faa.<\/p>\n\n\n\n<p>A su vez, los empresarios sostuvieron: \u201cLa defensa de la propiedad privada, as\u00ed como el respeto por la libertad de comercio y la apertura al mundo, resultan&nbsp;<strong>valores irrenunciables si se pretende que nuestra rep\u00fablica vuelva a convertirse en un destino atractivo&nbsp;<\/strong>para las inversiones\u201d.<\/p>\n\n\n\n<figure class=\"wp-block-image\"><img decoding=\"async\" src=\"https:\/\/tn.com.ar\/resizer\/XTpJiQUsjw_xTjOOjnRjG5Vtenc=\/767x0\/smart\/filters:format(webp)\/cloudfront-us-east-1.images.arcpublishing.com\/artear\/AYSMNYQ6VRFV7M2M6JNQ7ELDNY.png\" alt=\"Qu\u00e9 es el Pacto de Mayo, propuesto por Javier Milei en la apertura de sesiones ordinarias  (Foto: Leandro Heredia)\"\/><figcaption class=\"wp-element-caption\">Qu\u00e9 es el Pacto de Mayo, propuesto por Javier Milei en la apertura de sesiones ordinarias (Foto: Leandro Heredia)<\/figcaption><\/figure>\n\n\n\n<p>\u201cEs por este motivo que la reforma que modernice las relaciones laborales, la reducci\u00f3n del gasto p\u00fablico, el alivio en la presi\u00f3n tributaria y la defensa del equilibrio fiscal debe convertirse en uno de los aspectos indiscutibles del sendero a recorrer\u201d, aseguraron.<\/p>\n\n\n\n<p>Finalmente, remarcaron que \u201cel progreso es posible para la Argentina\u201d con la ayuda de todos los sectores. \u201c<strong>No podemos permitirnos otra decepci\u00f3n<\/strong>. Todos tenemos la responsabilidad de asumir este compromiso, el cual nos sit\u00faa ante la oportunidad de construir el pa\u00eds que verdaderamente merecemos\u201d, complet\u00f3.<\/p>\n\n\n\n<h2 class=\"wp-block-heading\">Cu\u00e1les son los puntos del Pacto de Mayo que propuso Javier Milei en la apertura de sesiones ordinarias en el Congreso<\/h2>\n\n\n\n<ul class=\"wp-block-list\">\n<li>La inviolabilidad de la propiedad privada.<\/li>\n\n\n\n<li>El equilibrio fiscal innegociable.<\/li>\n\n\n\n<li>La reducci\u00f3n del gasto p\u00fablico a niveles hist\u00f3ricos, en torno al 25% del Producto Bruto Interno.<\/li>\n\n\n\n<li>Una reforma tributaria que reduzca la presi\u00f3n impositiva, simplifique la vida de los argentinos y promueva el comercio.<\/li>\n\n\n\n<li>La rediscusi\u00f3n de la coparticipaci\u00f3n federal de impuestos para terminar para siempre con el modelo extorsivo actual.<\/li>\n\n\n\n<li>Un compromiso de las provincias de avanzar en la explotaci\u00f3n de los recursos naturales del pa\u00eds.<\/li>\n\n\n\n<li>Una reforma laboral moderna que promueva el trabajo formal.<\/li>\n\n\n\n<li>Una reforma previsional que le d\u00e9 sustentabilidad al sistema, respete a quienes aportaron y permita, a quienes prefieran, suscribirse a un sistema privado de jubilaci\u00f3n.<\/li>\n\n\n\n<li>Una reforma pol\u00edtica estructural que modifique el sistema actual y vuelva a alinear los intereses de los representantes y los representados.<\/li>\n\n\n\n<li>La apertura al comercio internacional, de manera que la Argentina vuelva a ser una protagonista del mercado global.<\/li>\n<\/ul>\n","protected":false},"excerpt":{"rendered":"<p>Durante las sesiones ordinarias en el Congreso de la Naci\u00f3n,\u00a0Javier Milei\u00a0propuso elPacto de Mayo. En este marco, los empresarios del Consejo Interamericano del Comercio y la Producci\u00f3n (CICyP)\u00a0brindaron su apoyo&hellip; <\/p>\n","protected":false},"author":12,"featured_media":129642,"comment_status":"closed","ping_status":"open","sticky":false,"template":"","format":"standard","meta":{"footnotes":""},"categories":[20],"tags":[],"class_list":["post-129633","post","type-post","status-publish","format-standard","has-post-thumbnail","hentry","category-economia"],"_links":{"self":[{"href":"https:\/\/corrientesdetarde.com\/index.php\/wp-json\/wp\/v2\/posts\/129633","targetHints":{"allow":["GET"]}}],"collection":[{"href":"https:\/\/corrientesdetarde.com\/index.php\/wp-json\/wp\/v2\/posts"}],"about":[{"href":"https:\/\/corrientesdetarde.com\/index.php\/wp-json\/wp\/v2\/types\/post"}],"author":[{"embeddable":true,"href":"https:\/\/corrientesdetarde.com\/index.php\/wp-json\/wp\/v2\/users\/12"}],"replies":[{"embeddable":true,"href":"https:\/\/corrientesdetarde.com\/index.php\/wp-json\/wp\/v2\/comments?post=129633"}],"version-history":[{"count":1,"href":"https:\/\/corrientesdetarde.com\/index.php\/wp-json\/wp\/v2\/posts\/129633\/revisions"}],"predecessor-version":[{"id":129643,"href":"https:\/\/corrientesdetarde.com\/index.php\/wp-json\/wp\/v2\/posts\/129633\/revisions\/129643"}],"wp:featuredmedia":[{"embeddable":true,"href":"https:\/\/corrientesdetarde.com\/index.php\/wp-json\/wp\/v2\/media\/129642"}],"wp:attachment":[{"href":"https:\/\/corrientesdetarde.com\/index.php\/wp-json\/wp\/v2\/media?parent=129633"}],"wp:term":[{"taxonomy":"category","embeddable":true,"href":"https:\/\/corrientesdetarde.com\/index.php\/wp-json\/wp\/v2\/categories?post=129633"},{"taxonomy":"post_tag","embeddable":true,"href":"https:\/\/corrientesdetarde.com\/index.php\/wp-json\/wp\/v2\/tags?post=129633"}],"curies":[{"name":"wp","href":"https:\/\/api.w.org\/{rel}","templated":true}]}}