{"id":129744,"date":"2024-03-03T14:24:11","date_gmt":"2024-03-03T17:24:11","guid":{"rendered":"https:\/\/corrientesdetarde.com\/?p=129744"},"modified":"2024-03-03T14:24:23","modified_gmt":"2024-03-03T17:24:23","slug":"el-gobierno-provincial-despliega-operativo-para-asistir-a-los-afectados-por-el-temporal-en-capital-y-suspendio-las-clases-este-lunes","status":"publish","type":"post","link":"https:\/\/corrientesdetarde.com\/index.php\/destacados\/el-gobierno-provincial-despliega-operativo-para-asistir-a-los-afectados-por-el-temporal-en-capital-y-suspendio-las-clases-este-lunes\/","title":{"rendered":"El Gobierno provincial despliega operativo para asistir a los afectados por el temporal en Capital y suspendi\u00f3 las clases este lunes"},"content":{"rendered":"\n<p>En horas de la ma\u00f1ana el gobernador Gustavo Vald\u00e9s convoc\u00f3 de urgencia a una reuni\u00f3n este domingo a su Gabinete, el vicegobernador Pedro Braillard Poccard y al Comit\u00e9 Operativo de Emergencias para implementar de inmediato el despliegue necesario de asistencia por el intenso e inusual temporal de lluvia que afect\u00f3 principalmente a la ciudad Capital en las \u00faltimas horas. La reuni\u00f3n encabezada por el mandatario provincial tuvo lugar en la Casa de Gobierno. y en en este marco, ya se defini\u00f3 la suspensi\u00f3n de las clases este lunes, tanto en la ciudad de Corrientes y como en zona de influencia.<\/p>\n\n\n\n<p>El director de Defensa Civil, Eulogio M\u00e1rquez detall\u00f3 que fueron 300 mil\u00edmetros de agua los que cayeron en apenas dos horas, provocando anegamientos en m\u00faltiples zonas de la ciudad. Ello sucedi\u00f3 poco antes del amanecer y se espera que el mal tiempo contin\u00fae todo el d\u00eda. Como consecuencia de este fen\u00f3meno, se registra una acumulaci\u00f3n significativa de agua en la zona conocida como La Olla, hacia donde est\u00e1 escurriendo la lluvia ca\u00edda en otros sectores de la ciudad. Por tanto, all\u00ed ya se produjeron las primeras acciones de asistencia a las familias que sus hogares quedaron anegados.<\/p>\n\n\n\n<p>En este contexto, ya est\u00e1 habilitada y est\u00e1 siendo acondicionada como Centro de Evacuaci\u00f3n la Escuela 275 del barrio Laguna Seca, con el trabajo articulado de los Ministerios de Desarrollo Social, Seguridad, Salud y Educaci\u00f3n. All\u00ed ya se movilizan equipos de trabajo para el traslado de personas, a quienes se les brindar\u00e1 abrigos, comida y control m\u00e9dico.<\/p>\n\n\n\n<p>Adem\u00e1s, como medida preventiva y para posibilitar una r\u00e1pida movilizaci\u00f3n de las cuadrillas operativas, el Gobierno de Corrientes resolvi\u00f3 suspender las clases este lunes 4 de febrero en todas las escuelas de gesti\u00f3n p\u00fablica y privada del departamento Capital y zonas cercanas.<\/p>\n\n\n\n<figure class=\"wp-block-gallery has-nested-images columns-default is-cropped wp-block-gallery-1 is-layout-flex wp-block-gallery-is-layout-flex\">\n<figure class=\"wp-block-image size-large\"><img loading=\"lazy\" decoding=\"async\" width=\"998\" height=\"598\" data-id=\"129745\" src=\"https:\/\/corrientesdetarde.com\/wp-content\/uploads\/2024\/03\/imagen-64551.jpg\" alt=\"\" class=\"wp-image-129745\" srcset=\"https:\/\/corrientesdetarde.com\/wp-content\/uploads\/2024\/03\/imagen-64551.jpg 998w, https:\/\/corrientesdetarde.com\/wp-content\/uploads\/2024\/03\/imagen-64551-300x180.jpg 300w, https:\/\/corrientesdetarde.com\/wp-content\/uploads\/2024\/03\/imagen-64551-768x460.jpg 768w\" sizes=\"auto, (max-width: 998px) 100vw, 998px\" \/><\/figure>\n\n\n\n<figure class=\"wp-block-image size-large\"><img loading=\"lazy\" decoding=\"async\" width=\"1024\" height=\"682\" data-id=\"129746\" src=\"https:\/\/corrientesdetarde.com\/wp-content\/uploads\/2024\/03\/imagen-64552-1024x682.jpg\" alt=\"\" class=\"wp-image-129746\" srcset=\"https:\/\/corrientesdetarde.com\/wp-content\/uploads\/2024\/03\/imagen-64552-1024x682.jpg 1024w, https:\/\/corrientesdetarde.com\/wp-content\/uploads\/2024\/03\/imagen-64552-300x200.jpg 300w, https:\/\/corrientesdetarde.com\/wp-content\/uploads\/2024\/03\/imagen-64552-768x512.jpg 768w, https:\/\/corrientesdetarde.com\/wp-content\/uploads\/2024\/03\/imagen-64552.jpg 1280w\" sizes=\"auto, (max-width: 1024px) 100vw, 1024px\" \/><\/figure>\n\n\n\n<figure class=\"wp-block-image size-large\"><img loading=\"lazy\" decoding=\"async\" width=\"1024\" height=\"682\" data-id=\"129747\" src=\"https:\/\/corrientesdetarde.com\/wp-content\/uploads\/2024\/03\/imagen-64553-1024x682.jpg\" alt=\"\" class=\"wp-image-129747\" srcset=\"https:\/\/corrientesdetarde.com\/wp-content\/uploads\/2024\/03\/imagen-64553-1024x682.jpg 1024w, https:\/\/corrientesdetarde.com\/wp-content\/uploads\/2024\/03\/imagen-64553-300x200.jpg 300w, https:\/\/corrientesdetarde.com\/wp-content\/uploads\/2024\/03\/imagen-64553-768x512.jpg 768w, https:\/\/corrientesdetarde.com\/wp-content\/uploads\/2024\/03\/imagen-64553.jpg 1280w\" sizes=\"auto, (max-width: 1024px) 100vw, 1024px\" \/><\/figure>\n<\/figure>\n","protected":false},"excerpt":{"rendered":"<p>En horas de la ma\u00f1ana el gobernador Gustavo Vald\u00e9s convoc\u00f3 de urgencia a una reuni\u00f3n este domingo a su Gabinete, el vicegobernador Pedro Braillard Poccard y al Comit\u00e9 Operativo de&hellip; <\/p>\n","protected":false},"author":12,"featured_media":129745,"comment_status":"closed","ping_status":"open","sticky":false,"template":"","format":"standard","meta":{"footnotes":""},"categories":[26,36],"tags":[],"class_list":["post-129744","post","type-post","status-publish","format-standard","has-post-thumbnail","hentry","category-destacados","category-urgente"],"_links":{"self":[{"href":"https:\/\/corrientesdetarde.com\/index.php\/wp-json\/wp\/v2\/posts\/129744","targetHints":{"allow":["GET"]}}],"collection":[{"href":"https:\/\/corrientesdetarde.com\/index.php\/wp-json\/wp\/v2\/posts"}],"about":[{"href":"https:\/\/corrientesdetarde.com\/index.php\/wp-json\/wp\/v2\/types\/post"}],"author":[{"embeddable":true,"href":"https:\/\/corrientesdetarde.com\/index.php\/wp-json\/wp\/v2\/users\/12"}],"replies":[{"embeddable":true,"href":"https:\/\/corrientesdetarde.com\/index.php\/wp-json\/wp\/v2\/comments?post=129744"}],"version-history":[{"count":1,"href":"https:\/\/corrientesdetarde.com\/index.php\/wp-json\/wp\/v2\/posts\/129744\/revisions"}],"predecessor-version":[{"id":129748,"href":"https:\/\/corrientesdetarde.com\/index.php\/wp-json\/wp\/v2\/posts\/129744\/revisions\/129748"}],"wp:featuredmedia":[{"embeddable":true,"href":"https:\/\/corrientesdetarde.com\/index.php\/wp-json\/wp\/v2\/media\/129745"}],"wp:attachment":[{"href":"https:\/\/corrientesdetarde.com\/index.php\/wp-json\/wp\/v2\/media?parent=129744"}],"wp:term":[{"taxonomy":"category","embeddable":true,"href":"https:\/\/corrientesdetarde.com\/index.php\/wp-json\/wp\/v2\/categories?post=129744"},{"taxonomy":"post_tag","embeddable":true,"href":"https:\/\/corrientesdetarde.com\/index.php\/wp-json\/wp\/v2\/tags?post=129744"}],"curies":[{"name":"wp","href":"https:\/\/api.w.org\/{rel}","templated":true}]}}