{"id":129753,"date":"2024-03-03T18:11:58","date_gmt":"2024-03-03T21:11:58","guid":{"rendered":"https:\/\/corrientesdetarde.com\/?p=129753"},"modified":"2024-03-03T18:12:10","modified_gmt":"2024-03-03T21:12:10","slug":"el-principio-de-revelacion","status":"publish","type":"post","link":"https:\/\/corrientesdetarde.com\/index.php\/politica\/el-principio-de-revelacion\/","title":{"rendered":"El Principio de Revelaci\u00f3n"},"content":{"rendered":"\n<p>(Por\u00a0Alejandro Almendros\/La Cuarta On line) &#8211; Maim\u00f3nedes (uno de los mayores estudiosos de la Tor\u00e1), enumer\u00f3\u200b diferentes niveles de profec\u00eda, indicando tambi\u00e9n la meramente intelectual, cuyo prop\u00f3sito es conocer la verdad de la Tor\u00e1,\u00a0especificando que su revelaci\u00f3n tuvo lugar para Mois\u00e9s\u00a0a trav\u00e9s de la\u00a0<em>palabra divina<\/em>\u00a0dirigida a \u00e9l \u201ccara a cara\u201d con Dios, lo que se refiere a la visi\u00f3n y revelaci\u00f3n de la palabra de Dios a trav\u00e9s de los \u00e1ngeles\u00a0como fue el caso de Abraham (uno de los tres primeros patriarcas del juda\u00edsmo)\u00a0y Jacob, finalmente con visiones de sue\u00f1o\u00a0veraz.<\/p>\n\n\n\n<p>\u201cNuestros Sabios ense\u00f1an: \u00bfPor qu\u00e9 se llama: \u2018Beit haShoeva\u2019? Esto se debe a que el esp\u00edritu prof\u00e9tico fue extra\u00eddo de all\u00ed. Por otro lado, si una persona tiene cuidado de no cometer errores o de volver a los or\u00edgenes del juda\u00edsmo y arrepentirse de los errores propios, est\u00e1 escrito: en \u00e9l descansar\u00e1 el esp\u00edritu de Dios, esp\u00edritu de sabidur\u00eda e inteligencia, esp\u00edritu de consejo y fuerza, esp\u00edritu de ciencia y temor de Dios\u201d.<\/p>\n\n\n\n<p>Es obvio que la profec\u00eda debe ser absolutamente reconocida como real y verdadera, ya que deriva de Dios, si se trata de la Tor\u00e1 en su conjunto como una revelaci\u00f3n divina o si se refiere a eventos pasados, presentes y futuros, aunque el prop\u00f3sito no es usar el esp\u00edritu prof\u00e9tico para un prop\u00f3sito simple, sino precisamente para el conocimiento de toda la verdad; no es coincidencia que este aspecto, se correlaciona necesariamente con la paz, la inteligencia, el juicio, la verdad b\u00edblica, adem\u00e1s de la evaluaci\u00f3n veraz de cada tema puesto ante la persona elegida por Dios.<\/p>\n\n\n\n<p>Este pareciera ser el nuevo concepto pol\u00edtico del momento. Este concepto, fue expresado por el propio presidente a su c\u00edrculo mas cercano. Milei tuvo un Principio de Revelaci\u00f3n.<\/p>\n\n\n\n<p>El presidente, acostumbrado a su personalidad, estaba yendo a 150 kil\u00f3metros por hora en un callej\u00f3n sin salida, a punto de estrellarse, y recalcul\u00f3 para abrir la negociaci\u00f3n. La praxis pol\u00edtica de Milei hab\u00eda fracasado. No hab\u00eda hecho sustentable, ni hab\u00eda conseguido la viabilidad pol\u00edtica de su propio modelo. En 80 d\u00edas se hab\u00eda metido en un laberinto sin salida.<\/p>\n\n\n\n<p>La denominada Ley de Bases y Puntos de Partida para la Libertad de los Argentinos, hab\u00eda naufragado en el recinto, cuando los legisladores comenzaron a desguazarla, m\u00e1s de lo que era aceptable para el Presidente.<\/p>\n\n\n\n<p>La C\u00e1mara Nacional de Apelaciones del Trabajo dict\u00f3 una medida cautelar que suspendi\u00f3 la aplicaci\u00f3n del cap\u00edtulo laboral del Decreto de Necesidad y Urgencia (DNU) dictado por el gobierno de Javier Milei, e iba a ser rechazado en el Senado de la Naci\u00f3n, en donde hasta el d\u00eda viernes hab\u00eda 45 senadores que esperaban para darle un golpe certero al Ejecutivo.<\/p>\n\n\n\n<p>El juez federal de Rawson Hugo Sastre, le hab\u00eda dado la raz\u00f3n a la provincia de Chubut por el envi\u00f3 de los fondos para el transporte. Torres le gan\u00f3 la parada a Milei. Los gobernadores en su conjunto se abroquelaron y le hicieron sentir el rigor de la verdadera pol\u00edtica.<\/p>\n\n\n\n<p>Milei insist\u00eda con su verborragia twitera apoyada en miles de cuentas que fustigan a todos aquellos que no est\u00e9n de acuerdo con las ideas libertarias, pero la pol\u00edtica pasaba por otro lado. All\u00ed el presidente la vio.<\/p>\n\n\n\n<p>El principio de revelaci\u00f3n. No se puede gobernar sin hacer pol\u00edtica. Es la oportunidad de resetear su gobierno y hacer esa pol\u00edtica.<\/p>\n\n\n\n<p>Hasta ahora el Presidente estaba convencido que con el apoyo de la gente, pod\u00eda sacar adelante las reformas que el pa\u00eds necesita, y que a base de la exposici\u00f3n de aquellos que no acompa\u00f1aran, finalmente se iban a alinear. No solo no fue as\u00ed, si no que adem\u00e1s le trajo problemas con los propios.<\/p>\n\n\n\n<p>Milei se est\u00e1 basando en una encuesta que acercaron al gobierno de la consultora Aresco. En esa encuesta cuantitativa que se realizara entre el 19 al 21 de Febrero en todo el territorio nacional, en un universo poblacional de mayores de 16 a\u00f1os en condiciones de votar, entre 4000 casos, y con un margen de error estad\u00edstico de +\/- 1,8%, los indicadores muestran se\u00f1ales positivas.<\/p>\n\n\n\n<p>En el primero de los gr\u00e1ficos que se refiere a las expectativas sobre la situaci\u00f3n econ\u00f3mica nacional, habla de una suba desde el comienzo de su mandato hasta ahora, del 30 % al 42,3%, y en lo que hace a las expectativas desfavorables, una ca\u00edda del 53,8% al 51,6%.<\/p>\n\n\n\n<p>En cuanto a la Evaluaci\u00f3n de la imagen del Presidente, el segundo gr\u00e1fico muestra que la imagen positiva, mas la regular positiva es del 56,8% y sin la regular del 48%. El desagregado muestra la imagen muy buena de 31,2% y la buena de 16,8%.<\/p>\n\n\n\n<p>Por su parte, la negativa mas la regular negativa es de 41% y sin esa regular de 34,7%. Aqu\u00ed la muy mala es de 27,2% y la mala de 7,5%.<\/p>\n\n\n\n<p>En el \u00faltimo gr\u00e1fico, se muestra los resultados a la pregunta sobre: \u00bfEn que medida est\u00e1 Ud. de acuerdo con que las provincias o municipios contraten a artistas pag\u00e1ndoles una suma de dinero para realizar recitales? El resultado tambi\u00e9n le da la derecha al presidente. El 37,7 % dice que est\u00e1 bien la contrataci\u00f3n, y el 55,6% est\u00e1 en contra.<\/p>\n\n\n\n<p>El presidente va a seguir llevando adelante su mandato, exponiendo claramente a los que se oponen a cualquier proyecto impulsado por el Ejecutivo y sus aliados, ante la sociedad. Esa va a ser la gu\u00eda pol\u00edtica. Se va a poner blanco sobre negro, de quienes est\u00e1n para un lado y para el otro.<\/p>\n\n\n\n<p>Milei tuvo un discurso muy bueno en la apertura de sesiones ordinarias, exponiendo claramente la realidad de la situaci\u00f3n heredada, se\u00f1alando a los que cree responsables, y presentando algunas propuestas con las que gran parte de la sociedad est\u00e1 de acuerdo. El discurso fue muy popular y efectivamente veraz.<\/p>\n\n\n\n<p>En la apertura de sesiones ordinarias, no solo afianz\u00f3 a su n\u00facleo duro de votantes, sino que tendi\u00f3 puentes a aquellos que estaban dudando de cuanta mu\u00f1eca pod\u00eda tener el libertario para volver a inclinar la balanza a su favor.<\/p>\n\n\n\n<p>All\u00ed puso la decisi\u00f3n del lado de los gobernadores, invit\u00e1ndolos a reunirse en gobierno para, a cambio de firmar la ley Bases, enviar los fondos para las provincias, como previo paso para el Pacto del 25 de Mayo en C\u00f3rdoba.<\/p>\n\n\n\n<p>Esto se llama negociar. Una palabra que Milei detesta, pero que la usa mucho mas de lo que se sabe.<\/p>\n\n\n\n<p>El principio de acuerdo empez\u00f3 a gestarse el jueves 22 de Febrero en Salta, con una reuni\u00f3n que hubo entre gobernadores de Salta, Jujuy, Misiones y Catamarca con el ministro del Interior Guillermo Francos. Los mandatarios le pidieron no solo bajar los niveles de confrontaci\u00f3n, sino que los acuerdos sean por escrito, ya que nadie cree nada. Todos desconf\u00edan de todos. Hasta el propio Milei tiene dudas sobre la actuaci\u00f3n de alguno de sus ministros.<\/p>\n\n\n\n<p>A partir de ahora se llevar\u00e1 adelante la negociaci\u00f3n entre los ministros Posse, Caputo y Francos, con los mandatarios provinciales.<\/p>\n\n\n\n<p>Todo esto puede quedar en buenas intenciones si no hay flexibilidad y pretende hacer algo \u201cmaximalista\u201d. La Ley \u00f3mnibus como est\u00e1, no va a aprobarse. De hecho, ya fue rechazada.<\/p>\n\n\n\n<p>La delegaci\u00f3n de facultades como estaba presentada es inviable. El tema de las privatizaciones, deber\u00e1n estudiar caso por caso. Retenciones es otro de los puntos conflictivos.<\/p>\n\n\n\n<p>\u201cLa negociaci\u00f3n va a ser muy dura. En el mientras tanto, vamos a mandar varios proyectos, si hay acuerdos suficientes. No nos vamos a tirar a la pileta como con la Ley Bases\u201d dice un diputado de La Libertad Avanza con llegada a lo mas alto del poder.<\/p>\n\n\n\n<p>Los 10 gobernadores de Juntos por el Cambio aceptaron el convite para reunirse en la Casa Rosada y, posteriormente, viajar a C\u00f3rdoba el 25 de mayo. En esa lista est\u00e1n Carlos Sadir (Jujuy), Leandro Zdero (Chaco), Marcelo Orrego (San Juan), Maximiliano Pullaro (Santa Fe), Rogelio Frigerio (Entre R\u00edos), Claudio Poggi (San Luis), Jorge Macri (Ciudad de Buenos Aires), Ignacio Torres (Chubut), Gustavo Vald\u00e9s (Corrientes) y Alfredo Cornejo (Mendoza).<\/p>\n\n\n\n<p>All\u00ed tambi\u00e9n dieron el visto bueno los peronistas Ra\u00fal Jalil (Catamarca) y Osvaldo Jaldo (Tucum\u00e1n); y Gustavo S\u00e1enz (Salta), Hugo Passalaqua (Misiones) y Rolando Figueroa (Neuqu\u00e9n), de partidos provinciales.<\/p>\n\n\n\n<p>Los peronistas m\u00e1s duros con el Gobierno lo van a rechazar. Axel Kicillof plantear\u00e1 su respuesta el pr\u00f3ximo lunes, cuando abra las sesiones ordinarias de la Legislatura de la provincia de Buenos Aires. Su ministro de Infraestructura, Gabriel Katopodis, ya dej\u00f3 un avance de lo que ser\u00e1 la respuesta. \u201cA los bonaerenses, a nuestros compatriotas que hoy sufren un gobierno con pol\u00edticas inhumanas les decimos que no est\u00e1n locos y que no vamos a dejar que los vuelvan locos\u201d afirm\u00f3 el de San Mart\u00edn.<\/p>\n\n\n\n<p>Uno de los gobernadores kirchneristas nos dijo \u201cMilei nos junt\u00f3 a todos, mucho antes de lo que nosotros pretend\u00edamos\u201d.<\/p>\n\n\n\n<p>El pron\u00f3stico que tiene es de total pesimismo: \u201cEl pa\u00eds no va a ning\u00fan lado, y la famosa V corta de la que hablan, puede ser una L, y caer, y no salir producto de la recesi\u00f3n\u201d.<\/p>\n\n\n\n<p>En una reuni\u00f3n que mantuvieron esta semana junto a otros mandatarios provinciales, se habl\u00f3 que los productores de granos no van a liquidar con un d\u00f3lar por debajo de $1000. La cosecha cay\u00f3 1,7 millones de toneladas por la sequ\u00eda. \u201cNo hay otra posibilidad que una nueva devaluaci\u00f3n con lo que significa el golpe al bolsillo de la gente\u201d. El Kirchnerismo, no va a acompa\u00f1ar.<\/p>\n","protected":false},"excerpt":{"rendered":"<p>(Por\u00a0Alejandro Almendros\/La Cuarta On line) &#8211; Maim\u00f3nedes (uno de los mayores estudiosos de la Tor\u00e1), enumer\u00f3\u200b diferentes niveles de profec\u00eda, indicando tambi\u00e9n la meramente intelectual, cuyo prop\u00f3sito es conocer la&hellip; <\/p>\n","protected":false},"author":11,"featured_media":121515,"comment_status":"closed","ping_status":"open","sticky":false,"template":"","format":"standard","meta":{"footnotes":""},"categories":[3],"tags":[],"class_list":["post-129753","post","type-post","status-publish","format-standard","has-post-thumbnail","hentry","category-politica"],"_links":{"self":[{"href":"https:\/\/corrientesdetarde.com\/index.php\/wp-json\/wp\/v2\/posts\/129753","targetHints":{"allow":["GET"]}}],"collection":[{"href":"https:\/\/corrientesdetarde.com\/index.php\/wp-json\/wp\/v2\/posts"}],"about":[{"href":"https:\/\/corrientesdetarde.com\/index.php\/wp-json\/wp\/v2\/types\/post"}],"author":[{"embeddable":true,"href":"https:\/\/corrientesdetarde.com\/index.php\/wp-json\/wp\/v2\/users\/11"}],"replies":[{"embeddable":true,"href":"https:\/\/corrientesdetarde.com\/index.php\/wp-json\/wp\/v2\/comments?post=129753"}],"version-history":[{"count":1,"href":"https:\/\/corrientesdetarde.com\/index.php\/wp-json\/wp\/v2\/posts\/129753\/revisions"}],"predecessor-version":[{"id":129755,"href":"https:\/\/corrientesdetarde.com\/index.php\/wp-json\/wp\/v2\/posts\/129753\/revisions\/129755"}],"wp:featuredmedia":[{"embeddable":true,"href":"https:\/\/corrientesdetarde.com\/index.php\/wp-json\/wp\/v2\/media\/121515"}],"wp:attachment":[{"href":"https:\/\/corrientesdetarde.com\/index.php\/wp-json\/wp\/v2\/media?parent=129753"}],"wp:term":[{"taxonomy":"category","embeddable":true,"href":"https:\/\/corrientesdetarde.com\/index.php\/wp-json\/wp\/v2\/categories?post=129753"},{"taxonomy":"post_tag","embeddable":true,"href":"https:\/\/corrientesdetarde.com\/index.php\/wp-json\/wp\/v2\/tags?post=129753"}],"curies":[{"name":"wp","href":"https:\/\/api.w.org\/{rel}","templated":true}]}}