{"id":129754,"date":"2024-03-03T18:22:25","date_gmt":"2024-03-03T21:22:25","guid":{"rendered":"https:\/\/corrientesdetarde.com\/?p=129754"},"modified":"2024-03-03T18:22:30","modified_gmt":"2024-03-03T21:22:30","slug":"se-derrumbo-el-muro-de-la-iglesia-san-francisco-debido-al-temporal","status":"publish","type":"post","link":"https:\/\/corrientesdetarde.com\/index.php\/informacion-general\/se-derrumbo-el-muro-de-la-iglesia-san-francisco-debido-al-temporal\/","title":{"rendered":"Se derrumb\u00f3 el muro de la Iglesia San Francisco debido al temporal."},"content":{"rendered":"\n<h2 class=\"wp-block-heading\">La obra de arte se vio severamente afectada en la ma\u00f1ana de este domingo. La construcci\u00f3n no resisti\u00f3 a las lluvias y termin\u00f3 destruida.<\/h2>\n\n\n\n<p>La tradicional obra de arte de la plaza Italia volvi\u00f3 a derrumbarse. Ocurri\u00f3 durante las lluvias de este domingo 3 en Corrientes.<\/p>\n\n\n\n<p>La ciudad se vio severamente afectada por las precipitaciones. Cayeron m\u00e1s de 200 mil\u00edmetros de agua en pocos m\u00e1s de 2 horas y la ciudad se convirti\u00f3 en un verdadero caos.<\/p>\n\n\n\n<p><\/p>\n","protected":false},"excerpt":{"rendered":"<p>La obra de arte se vio severamente afectada en la ma\u00f1ana de este domingo. La construcci\u00f3n no resisti\u00f3 a las lluvias y termin\u00f3 destruida. La tradicional obra de arte de&hellip; <\/p>\n","protected":false},"author":6,"featured_media":129761,"comment_status":"closed","ping_status":"open","sticky":false,"template":"","format":"standard","meta":{"footnotes":""},"categories":[1],"tags":[],"class_list":["post-129754","post","type-post","status-publish","format-standard","has-post-thumbnail","hentry","category-informacion-general"],"_links":{"self":[{"href":"https:\/\/corrientesdetarde.com\/index.php\/wp-json\/wp\/v2\/posts\/129754","targetHints":{"allow":["GET"]}}],"collection":[{"href":"https:\/\/corrientesdetarde.com\/index.php\/wp-json\/wp\/v2\/posts"}],"about":[{"href":"https:\/\/corrientesdetarde.com\/index.php\/wp-json\/wp\/v2\/types\/post"}],"author":[{"embeddable":true,"href":"https:\/\/corrientesdetarde.com\/index.php\/wp-json\/wp\/v2\/users\/6"}],"replies":[{"embeddable":true,"href":"https:\/\/corrientesdetarde.com\/index.php\/wp-json\/wp\/v2\/comments?post=129754"}],"version-history":[{"count":1,"href":"https:\/\/corrientesdetarde.com\/index.php\/wp-json\/wp\/v2\/posts\/129754\/revisions"}],"predecessor-version":[{"id":129763,"href":"https:\/\/corrientesdetarde.com\/index.php\/wp-json\/wp\/v2\/posts\/129754\/revisions\/129763"}],"wp:featuredmedia":[{"embeddable":true,"href":"https:\/\/corrientesdetarde.com\/index.php\/wp-json\/wp\/v2\/media\/129761"}],"wp:attachment":[{"href":"https:\/\/corrientesdetarde.com\/index.php\/wp-json\/wp\/v2\/media?parent=129754"}],"wp:term":[{"taxonomy":"category","embeddable":true,"href":"https:\/\/corrientesdetarde.com\/index.php\/wp-json\/wp\/v2\/categories?post=129754"},{"taxonomy":"post_tag","embeddable":true,"href":"https:\/\/corrientesdetarde.com\/index.php\/wp-json\/wp\/v2\/tags?post=129754"}],"curies":[{"name":"wp","href":"https:\/\/api.w.org\/{rel}","templated":true}]}}