{"id":129757,"date":"2024-03-03T18:20:39","date_gmt":"2024-03-03T21:20:39","guid":{"rendered":"https:\/\/corrientesdetarde.com\/?p=129757"},"modified":"2024-03-03T18:20:50","modified_gmt":"2024-03-03T21:20:50","slug":"el-gobernador-valdes-recorre-la-capital-para-relevar-necesidades-de-los-vecinos","status":"publish","type":"post","link":"https:\/\/corrientesdetarde.com\/index.php\/locales\/el-gobernador-valdes-recorre-la-capital-para-relevar-necesidades-de-los-vecinos\/","title":{"rendered":"El gobernador Vald\u00e9s recorre la Capital para relevar necesidades de los vecinos"},"content":{"rendered":"\n<p><\/p>\n\n\n\n<p>Ante las inundaciones y da\u00f1os provocados por los m\u00e1s de 300 mm de lluvia ca\u00eddos sobre Corrientes, el gobernador Gustavo Vald\u00e9s recorre los barrios de la ciudad para monitorear el estado de desag\u00fces y relevar las necesidades de los vecinos.<\/p>\n\n\n\n<p>&#8220;La ciudad de Corrientes sufri\u00f3 su peor cat\u00e1strofe clim\u00e1tica&#8221;, expres\u00f3 el mandatario a trav\u00e9s de sus redes sociales, agregando que &#8220;ante tal situaci\u00f3n, el Comit\u00e9 de Crisis del Gobierno contin\u00faa analizando da\u00f1os y planificando soluciones, a la vez que se program\u00f3 la asistencia social a sectores y ciudadanos\u00a0afectados&#8221;.<\/p>\n","protected":false},"excerpt":{"rendered":"<p>Ante las inundaciones y da\u00f1os provocados por los m\u00e1s de 300 mm de lluvia ca\u00eddos sobre Corrientes, el gobernador Gustavo Vald\u00e9s recorre los barrios de la ciudad para monitorear el&hellip; <\/p>\n","protected":false},"author":12,"featured_media":129758,"comment_status":"closed","ping_status":"open","sticky":false,"template":"","format":"standard","meta":{"footnotes":""},"categories":[8],"tags":[],"class_list":["post-129757","post","type-post","status-publish","format-standard","has-post-thumbnail","hentry","category-locales"],"_links":{"self":[{"href":"https:\/\/corrientesdetarde.com\/index.php\/wp-json\/wp\/v2\/posts\/129757","targetHints":{"allow":["GET"]}}],"collection":[{"href":"https:\/\/corrientesdetarde.com\/index.php\/wp-json\/wp\/v2\/posts"}],"about":[{"href":"https:\/\/corrientesdetarde.com\/index.php\/wp-json\/wp\/v2\/types\/post"}],"author":[{"embeddable":true,"href":"https:\/\/corrientesdetarde.com\/index.php\/wp-json\/wp\/v2\/users\/12"}],"replies":[{"embeddable":true,"href":"https:\/\/corrientesdetarde.com\/index.php\/wp-json\/wp\/v2\/comments?post=129757"}],"version-history":[{"count":1,"href":"https:\/\/corrientesdetarde.com\/index.php\/wp-json\/wp\/v2\/posts\/129757\/revisions"}],"predecessor-version":[{"id":129759,"href":"https:\/\/corrientesdetarde.com\/index.php\/wp-json\/wp\/v2\/posts\/129757\/revisions\/129759"}],"wp:featuredmedia":[{"embeddable":true,"href":"https:\/\/corrientesdetarde.com\/index.php\/wp-json\/wp\/v2\/media\/129758"}],"wp:attachment":[{"href":"https:\/\/corrientesdetarde.com\/index.php\/wp-json\/wp\/v2\/media?parent=129757"}],"wp:term":[{"taxonomy":"category","embeddable":true,"href":"https:\/\/corrientesdetarde.com\/index.php\/wp-json\/wp\/v2\/categories?post=129757"},{"taxonomy":"post_tag","embeddable":true,"href":"https:\/\/corrientesdetarde.com\/index.php\/wp-json\/wp\/v2\/tags?post=129757"}],"curies":[{"name":"wp","href":"https:\/\/api.w.org\/{rel}","templated":true}]}}