{"id":129762,"date":"2024-03-03T18:29:01","date_gmt":"2024-03-03T21:29:01","guid":{"rendered":"https:\/\/corrientesdetarde.com\/?p=129762"},"modified":"2024-03-03T18:29:13","modified_gmt":"2024-03-03T21:29:13","slug":"la-policia-de-la-provincia-trabaja-en-las-zonas-afectadas-por-el-temporal","status":"publish","type":"post","link":"https:\/\/corrientesdetarde.com\/index.php\/policiales\/la-policia-de-la-provincia-trabaja-en-las-zonas-afectadas-por-el-temporal\/","title":{"rendered":"La Polic\u00eda de la provincia trabaja en las zonas afectadas por el temporal."},"content":{"rendered":"\n<h2 class=\"wp-block-heading\">La Polic\u00eda de la provincia trabaja arduamente para reforzar la seguridad y brindar asistencia a barrios que se encuentran cubiertos de agua. Adem\u00e1s, colaboran con otras \u00e1reas de trabajo que se han dispuesto para esta situaci\u00f3n clim\u00e1tica.<\/h2>\n\n\n\n<p>Ante la emergencia clim\u00e1tica que atraviesa Corrientes, distintas dependencias de la Polic\u00eda de Corrientes del \u00e1rea Capital se encuentran trabajando arduamente para reforzar la seguridad debido a la inclemencia del tiempo. Adem\u00e1s, brindan colaboraci\u00f3n a las dem\u00e1s instituciones y \u00e1reas de trabajo que se han dispuesto para esta situaci\u00f3n clim\u00e1tica.<\/p>\n\n\n\n<p><br>Por ello, se est\u00e1n utilizando los recursos materiales y humanos disponibles, como as\u00ed tambi\u00e9n m\u00f3viles y medios de movilidad, para intensificar las recorrida y presencia policial.\u00a0<\/p>\n\n\n\n<p>La Polic\u00eda de Corrientes colabora tambi\u00e9n con otras instituciones y organismos para asistir a barrios y zonas abnegadas.&nbsp;<\/p>\n\n\n\n<p>Desde la instituci\u00f3n informan que, ante cualquier situaci\u00f3n de emergencia, se le recuerda a la poblaci\u00f3n en general que est\u00e1 en permanente funcionamiento el Sistema Integral de Seguridad 911 (llamada de emergencia gratuita).<\/p>\n\n\n\n<p>Tambi\u00e9n recomiendan circular con precauci\u00f3n y con mucha atenci\u00f3n, debido a la gran masa de agua existente en las calles y por cosas ca\u00eddas por el temporal.<\/p>\n\n\n\n<p><br>\u00a0La Polic\u00eda esta trabajando arduamente con un comit\u00e9 de crisis convocado por el Gobierno provincial y que involucra a todas las \u00e1reas, para desplegar los trabajos y las acciones de ayuda por esta situaci\u00f3n de emergencia clim\u00e1tica.<\/p>\n","protected":false},"excerpt":{"rendered":"<p>La Polic\u00eda de la provincia trabaja arduamente para reforzar la seguridad y brindar asistencia a barrios que se encuentran cubiertos de agua. Adem\u00e1s, colaboran con otras \u00e1reas de trabajo que&hellip; <\/p>\n","protected":false},"author":6,"featured_media":129768,"comment_status":"closed","ping_status":"open","sticky":false,"template":"","format":"standard","meta":{"footnotes":""},"categories":[33],"tags":[],"class_list":["post-129762","post","type-post","status-publish","format-standard","has-post-thumbnail","hentry","category-policiales"],"_links":{"self":[{"href":"https:\/\/corrientesdetarde.com\/index.php\/wp-json\/wp\/v2\/posts\/129762","targetHints":{"allow":["GET"]}}],"collection":[{"href":"https:\/\/corrientesdetarde.com\/index.php\/wp-json\/wp\/v2\/posts"}],"about":[{"href":"https:\/\/corrientesdetarde.com\/index.php\/wp-json\/wp\/v2\/types\/post"}],"author":[{"embeddable":true,"href":"https:\/\/corrientesdetarde.com\/index.php\/wp-json\/wp\/v2\/users\/6"}],"replies":[{"embeddable":true,"href":"https:\/\/corrientesdetarde.com\/index.php\/wp-json\/wp\/v2\/comments?post=129762"}],"version-history":[{"count":1,"href":"https:\/\/corrientesdetarde.com\/index.php\/wp-json\/wp\/v2\/posts\/129762\/revisions"}],"predecessor-version":[{"id":129770,"href":"https:\/\/corrientesdetarde.com\/index.php\/wp-json\/wp\/v2\/posts\/129762\/revisions\/129770"}],"wp:featuredmedia":[{"embeddable":true,"href":"https:\/\/corrientesdetarde.com\/index.php\/wp-json\/wp\/v2\/media\/129768"}],"wp:attachment":[{"href":"https:\/\/corrientesdetarde.com\/index.php\/wp-json\/wp\/v2\/media?parent=129762"}],"wp:term":[{"taxonomy":"category","embeddable":true,"href":"https:\/\/corrientesdetarde.com\/index.php\/wp-json\/wp\/v2\/categories?post=129762"},{"taxonomy":"post_tag","embeddable":true,"href":"https:\/\/corrientesdetarde.com\/index.php\/wp-json\/wp\/v2\/tags?post=129762"}],"curies":[{"name":"wp","href":"https:\/\/api.w.org\/{rel}","templated":true}]}}