{"id":129769,"date":"2024-03-03T18:37:39","date_gmt":"2024-03-03T21:37:39","guid":{"rendered":"https:\/\/corrientesdetarde.com\/?p=129769"},"modified":"2024-03-03T18:37:43","modified_gmt":"2024-03-03T21:37:43","slug":"temporal-en-corrientes-imagenes-impactantes-de-una-catastrofe-sin-precedentes","status":"publish","type":"post","link":"https:\/\/corrientesdetarde.com\/index.php\/informacion-general\/temporal-en-corrientes-imagenes-impactantes-de-una-catastrofe-sin-precedentes\/","title":{"rendered":"Temporal en Corrientes: im\u00e1genes impactantes de una cat\u00e1strofe sin precedentes."},"content":{"rendered":"\n<h2 class=\"wp-block-heading\">La ciudad atraviesa \u201cla peor cat\u00e1strofe natural de la historia\u201d. El Gobierno local inform\u00f3 que este lunes no habr\u00e1 clases en los lugares m\u00e1s afectados. Cayeron m\u00e1s de 200 mil\u00edmetros de agua.<\/h2>\n\n\n\n<p>Corrientes&nbsp;<strong>sufri\u00f3 un feroz temporal&nbsp;<\/strong>la madrugada de este domingo que dej\u00f3 cientas de zonas inundadas, destrucci\u00f3n de infraestructura, casas completamente tapadas por el agua y autoevacuados. La Municipalidad indic\u00f3 que la ciudad atraviesa<strong>&nbsp;\u201cla peor cat\u00e1strofe natural de la historia\u201d.<\/strong>&nbsp;El Gobierno local inform\u00f3 que este lunes no habr\u00e1 clases en los lugares m\u00e1s afectados.<\/p>\n\n\n\n<p>Las autoridades municipales anunciaron que evacuar\u00e1n personas de las zonas m\u00e1s afectadas por los anegamientos causados por las precipitaciones que entre las 2 y las 6 de esta ma\u00f1ana ocasionaron<strong>&nbsp;la ca\u00edda de m\u00e1s de 200 mil\u00edmetros de agua.<\/strong><\/p>\n\n\n\n<figure class=\"wp-block-image\"><img decoding=\"async\" src=\"https:\/\/tn.com.ar\/resizer\/AjQwr3KIZsxHLCbUK9NcXiCPEOA=\/767x0\/smart\/filters:format(webp)\/cloudfront-us-east-1.images.arcpublishing.com\/artear\/GLII5IOGWBGA7KQ6L45TVRNCXQ.jpg\" alt=\"Hay casas que quedaron completamente tapadas por el agua. (Foto: T\u00e9lam)\"\/><figcaption class=\"wp-element-caption\">Hay casas que quedaron completamente tapadas por el agua.<\/figcaption><\/figure>\n\n\n\n<p>A trav\u00e9s de un comunicado, la gesti\u00f3n del intendente Eduardo Tassano asegur\u00f3 que \u201cuna cat\u00e1strofe natural alcanz\u00f3 a la ciudad esta madrugada<strong>&nbsp;causando colapso en los sistemas de desag\u00fces&nbsp;<\/strong>dada la cantidad de agua ca\u00edda y los fuertes vientos en muy corto per\u00edodo de tiempo\u201d. En este sentido, subrayaron que se trata de la \u201cpeor cat\u00e1strofe natural desde que existen registros oficiales\u201d.<\/p>\n\n\n\n<figure class=\"wp-block-image\"><img decoding=\"async\" src=\"https:\/\/tn.com.ar\/resizer\/0oGN0IRY6YySogVxJzi3p2AmYV8=\/767x0\/smart\/filters:format(webp)\/cloudfront-us-east-1.images.arcpublishing.com\/artear\/PO24RKW4YJBIDLX3ANNP6XAQBU.JPG\" alt=\"La tormenta sacudi\u00f3 a la ciudad la madrugada de este domingo. (Foto: LT7 Noticias)\"\/><figcaption class=\"wp-element-caption\">La tormenta sacudi\u00f3 a la ciudad la madrugada de este domingo. (Foto: LT7 Noticias)<\/figcaption><\/figure>\n\n\n\n<p>Asimismo, enumeraron inundaciones en calles y casas,<strong>&nbsp;voladuras de techos, ca\u00edda de postes, muros, \u00e1rboles, carteles,&nbsp;<\/strong>entre otros, que demandar\u00e1n trabajos de reconstrucci\u00f3n y asistencia durante \u201clas pr\u00f3ximas 48 horas\u201d, dijo el subsecretario de Riesgos y Cat\u00e1strofes municipal, Jos\u00e9 Ruiz.<\/p>\n\n\n\n<p>\u201cEs como descargar un tanque de 500 litros en una bacha de cocina de una vez, claramente va a colapsar\u201d, compar\u00f3 Ruiz, y resalt\u00f3 que fueron superados los 250 mil\u00edmetros de lluvia durante toda la ma\u00f1ana.<\/p>\n\n\n\n<figure class=\"wp-block-image\"><img decoding=\"async\" src=\"https:\/\/tn.com.ar\/resizer\/tL3G6AkfTIsvuRKWp246P4sDBT8=\/767x0\/smart\/filters:format(webp)\/cloudfront-us-east-1.images.arcpublishing.com\/artear\/NIDSVUFSWNGSHFWKOASTCAWQRM.jpg\" alt=\"La Municipalidad de Corrientes indic\u00f3 hoy que la ciudad atraviesa &quot;la peor cat\u00e1strofe natural de la historia&quot;. (Foto: T\u00e9lam)\"\/><figcaption class=\"wp-element-caption\">La Municipalidad de Corrientes indic\u00f3 hoy que la ciudad atraviesa &#8220;la peor cat\u00e1strofe natural de la historia&#8221;. (Foto: T\u00e9lam)<\/figcaption><\/figure>\n\n\n\n<p>Otros de los eventos registrados a causa del temporal fueron&nbsp;<strong>la ca\u00edda de un hist\u00f3rico mural&nbsp;<\/strong>del convento de San Francisco sobre la plaza Italia, en el microcentro, as\u00ed como voladuras de techos en el campus de la Facultad de Derecho de la Universidad Nacional del Nordeste (UNNE), en el norte de la ciudad.<\/p>\n\n\n\n<figure class=\"wp-block-image\"><img decoding=\"async\" src=\"https:\/\/tn.com.ar\/resizer\/Oixd_wYS13qE0S8ZyM4pdVb2gQs=\/767x0\/smart\/filters:format(webp)\/cloudfront-us-east-1.images.arcpublishing.com\/artear\/CEPLAG2QJZGWLDUCH425PFLSEE.JPG\" alt=\"La tormenta derrumb\u00f3 el muro de la iglesia San Francisco de Corrientes. (Foto: LT7 Noticias)\"\/><figcaption class=\"wp-element-caption\">La tormenta derrumb\u00f3 el muro de la iglesia San Francisco de Corrientes. (Foto: LT7 Noticias)<\/figcaption><\/figure>\n\n\n\n<p>Para asistir a las personas, la Municipalidad habilit\u00f3 las l\u00edneas de contacto gratuitas como el tel\u00e9fono 147 y el WhatsApp 3794341768. \u201cAdem\u00e1s, las distintas \u00e1reas se encuentran abocadas a la puesta a punto de los centros municipales de los barrios Anah\u00ed y Ciudades Correntinas para la contenci\u00f3n de las familias que&nbsp;<strong>deber\u00e1n ser evacuadas temporalmente<\/strong>\u201d, agregaron.<\/p>\n\n\n\n<p>En tanto, el Ministerio de Desarrollo Social de la Provincia realiz\u00f3 la apertura del Centro de Promoci\u00f3n Comunitaria (CPC) del barrio San Jorge, al sur de la ciudad, para la contenci\u00f3n de las familias anegadas.<\/p>\n\n\n\n<figure class=\"wp-block-image\"><img decoding=\"async\" src=\"https:\/\/tn.com.ar\/resizer\/5el-9a59NtY48WWK1u8_SHPM6R8=\/767x0\/smart\/filters:format(webp)\/cloudfront-us-east-1.images.arcpublishing.com\/artear\/6SEOYBYPMRHGNHOVTMJS6YXRM4.jpg\" alt=\"La Fuerza realizan recorridas por zonas comerciales para prevenir eventuales actos delictivos colaborando con la tranquilidad de los vecinos. (Foto: T\u00e9lam)\"\/><figcaption class=\"wp-element-caption\">La Fuerza realizan recorridas por zonas comerciales para prevenir eventuales actos delictivos colaborando con la tranquilidad de los vecinos. (Foto: T\u00e9lam)<\/figcaption><\/figure>\n\n\n\n<p>Mientras que el Ministerio de Seguridad de la Naci\u00f3n, por medio de efectivos de la Prefectura Naval Argentina y la Gendarmer\u00eda Nacional, llev\u00f3 adelante -en coordinaci\u00f3n Defensa Civil y la Polic\u00eda de Corrientes- distintas<strong>&nbsp;acciones de asistencia y contenci\u00f3n<\/strong>&nbsp;de las personas m\u00e1s afectadas.<\/p>\n\n\n\n<p>Por medio de un comunicado en\u00a0<em>X\u00a0<\/em>(antes Twitter), el Gobierno inform\u00f3 que<strong>\u00a0no habr\u00e1 clases<\/strong>\u00a0este lunes en las zonas m\u00e1s afectadas: \u201cAnte las fuertes precipitaciones y el temporal que afecta a la ciudad de Corrientes, informamos que quedan suspendidas las clases del d\u00eda lunes, 4 de marzo, en todas las escuelas de gesti\u00f3n p\u00fablica y privada del departamento Capital y zonas cercanas\u201d.<\/p>\n\n\n\n<p><em>Fuente: Todo Noticias.<\/em><\/p>\n","protected":false},"excerpt":{"rendered":"<p>La ciudad atraviesa \u201cla peor cat\u00e1strofe natural de la historia\u201d. El Gobierno local inform\u00f3 que este lunes no habr\u00e1 clases en los lugares m\u00e1s afectados. Cayeron m\u00e1s de 200 mil\u00edmetros&hellip; <\/p>\n","protected":false},"author":6,"featured_media":129785,"comment_status":"closed","ping_status":"open","sticky":false,"template":"","format":"standard","meta":{"footnotes":""},"categories":[1],"tags":[],"class_list":["post-129769","post","type-post","status-publish","format-standard","has-post-thumbnail","hentry","category-informacion-general"],"_links":{"self":[{"href":"https:\/\/corrientesdetarde.com\/index.php\/wp-json\/wp\/v2\/posts\/129769","targetHints":{"allow":["GET"]}}],"collection":[{"href":"https:\/\/corrientesdetarde.com\/index.php\/wp-json\/wp\/v2\/posts"}],"about":[{"href":"https:\/\/corrientesdetarde.com\/index.php\/wp-json\/wp\/v2\/types\/post"}],"author":[{"embeddable":true,"href":"https:\/\/corrientesdetarde.com\/index.php\/wp-json\/wp\/v2\/users\/6"}],"replies":[{"embeddable":true,"href":"https:\/\/corrientesdetarde.com\/index.php\/wp-json\/wp\/v2\/comments?post=129769"}],"version-history":[{"count":1,"href":"https:\/\/corrientesdetarde.com\/index.php\/wp-json\/wp\/v2\/posts\/129769\/revisions"}],"predecessor-version":[{"id":129786,"href":"https:\/\/corrientesdetarde.com\/index.php\/wp-json\/wp\/v2\/posts\/129769\/revisions\/129786"}],"wp:featuredmedia":[{"embeddable":true,"href":"https:\/\/corrientesdetarde.com\/index.php\/wp-json\/wp\/v2\/media\/129785"}],"wp:attachment":[{"href":"https:\/\/corrientesdetarde.com\/index.php\/wp-json\/wp\/v2\/media?parent=129769"}],"wp:term":[{"taxonomy":"category","embeddable":true,"href":"https:\/\/corrientesdetarde.com\/index.php\/wp-json\/wp\/v2\/categories?post=129769"},{"taxonomy":"post_tag","embeddable":true,"href":"https:\/\/corrientesdetarde.com\/index.php\/wp-json\/wp\/v2\/tags?post=129769"}],"curies":[{"name":"wp","href":"https:\/\/api.w.org\/{rel}","templated":true}]}}