{"id":129782,"date":"2024-03-03T18:36:10","date_gmt":"2024-03-03T21:36:10","guid":{"rendered":"https:\/\/corrientesdetarde.com\/?p=129782"},"modified":"2024-03-03T18:36:22","modified_gmt":"2024-03-03T21:36:22","slug":"mar-del-plata-detuvieron-a-un-hombre-que-amenazo-a-su-expareja-la-golpeo-y-le-mato-a-su-gata-a-cuchillazos","status":"publish","type":"post","link":"https:\/\/corrientesdetarde.com\/index.php\/policiales\/mar-del-plata-detuvieron-a-un-hombre-que-amenazo-a-su-expareja-la-golpeo-y-le-mato-a-su-gata-a-cuchillazos\/","title":{"rendered":"Mar del Plata: detuvieron a un hombre que amenaz\u00f3 a su expareja, la golpe\u00f3 y le mat\u00f3 a su gata a cuchillazos"},"content":{"rendered":"\n<p>Un hombre de 42 a\u00f1os fue detenido en la ciudad de<strong>Mar del Plata<\/strong>despu\u00e9s de golpear y amenazar de muerte con un cuchillo a su expareja, y de apu\u00f1alar hasta matar a su gata.<\/p>\n\n\n\n<p>El aberrante hecho ocurri\u00f3 la tarde del s\u00e1bado en el barrio El Martillo, en la zona sudoeste de la localidad balnearia. El agresor qued\u00f3 alojado en la Unidad Penal 44 de Bat\u00e1n.<\/p>\n\n\n\n<p>Fuentes policiales indicaron que el atacante, cuya identidad no fue revelada para preservar a la v\u00edctima, ingres\u00f3 a la casa de la mujer&nbsp;<strong>tras derribar de un golpe la puerta&nbsp;<\/strong>y comenz\u00f3 a agredirla.<\/p>\n\n\n\n<figure class=\"wp-block-image\"><img decoding=\"async\" src=\"https:\/\/tn.com.ar\/resizer\/qJoI6E3jA22XCe8kbEDbkY0GL58=\/767x0\/smart\/filters:format(webp)\/cloudfront-us-east-1.images.arcpublishing.com\/artear\/G7O2Y6FNIBFXLLHN2AG4X2DS2U.jpg\" alt=\"El hombre qued\u00f3 alojado en la Unidad Penal N\u00b044 de Bat\u00e1n. (Foto: Qu\u00e9 Digital)\"\/><figcaption class=\"wp-element-caption\">El hombre qued\u00f3 alojado en la Unidad Penal N\u00b044 de Bat\u00e1n. (Foto: Qu\u00e9 Digital)<\/figcaption><\/figure>\n\n\n\n<p>Luego, amenaz\u00f3 con matarla con la cuchilla con la que&nbsp;<strong>apu\u00f1al\u00f3 a la gata de la mujer<\/strong>&nbsp;hasta matarla. Efectivos del Comando de Patrullas y de la Unidad T\u00e1ctica de Operaciones Inmediatas de la Polic\u00eda bonaerense intervinieron en el lugar y detuvieron al agresor en las inmediaciones.<\/p>\n\n\n\n<p>El hombre fue imputado por los delitos de \u201c<strong>lesiones y amenazas agravadas<\/strong>\u00a0por el v\u00ednculo y por mediar violencia de g\u00e9nero, amenazas agravadas por el uso de arma blanca, por da\u00f1os\u201d, y por infracci\u00f3n a la Ley 14.436 contra el maltrato animal.<\/p>\n\n\n\n<p>En la investigaci\u00f3n del hecho intervino el fiscal Facundo De La Canale, de la Unidad Funcional de Instrucci\u00f3n de Flagrancia, quien dispuso el traslado del acusado a la alcaid\u00eda de Bat\u00e1n.<\/p>\n","protected":false},"excerpt":{"rendered":"<p>Un hombre de 42 a\u00f1os fue detenido en la ciudad deMar del Platadespu\u00e9s de golpear y amenazar de muerte con un cuchillo a su expareja, y de apu\u00f1alar hasta matar&hellip; <\/p>\n","protected":false},"author":12,"featured_media":129783,"comment_status":"closed","ping_status":"open","sticky":false,"template":"","format":"standard","meta":{"footnotes":""},"categories":[33],"tags":[],"class_list":["post-129782","post","type-post","status-publish","format-standard","has-post-thumbnail","hentry","category-policiales"],"_links":{"self":[{"href":"https:\/\/corrientesdetarde.com\/index.php\/wp-json\/wp\/v2\/posts\/129782","targetHints":{"allow":["GET"]}}],"collection":[{"href":"https:\/\/corrientesdetarde.com\/index.php\/wp-json\/wp\/v2\/posts"}],"about":[{"href":"https:\/\/corrientesdetarde.com\/index.php\/wp-json\/wp\/v2\/types\/post"}],"author":[{"embeddable":true,"href":"https:\/\/corrientesdetarde.com\/index.php\/wp-json\/wp\/v2\/users\/12"}],"replies":[{"embeddable":true,"href":"https:\/\/corrientesdetarde.com\/index.php\/wp-json\/wp\/v2\/comments?post=129782"}],"version-history":[{"count":1,"href":"https:\/\/corrientesdetarde.com\/index.php\/wp-json\/wp\/v2\/posts\/129782\/revisions"}],"predecessor-version":[{"id":129784,"href":"https:\/\/corrientesdetarde.com\/index.php\/wp-json\/wp\/v2\/posts\/129782\/revisions\/129784"}],"wp:featuredmedia":[{"embeddable":true,"href":"https:\/\/corrientesdetarde.com\/index.php\/wp-json\/wp\/v2\/media\/129783"}],"wp:attachment":[{"href":"https:\/\/corrientesdetarde.com\/index.php\/wp-json\/wp\/v2\/media?parent=129782"}],"wp:term":[{"taxonomy":"category","embeddable":true,"href":"https:\/\/corrientesdetarde.com\/index.php\/wp-json\/wp\/v2\/categories?post=129782"},{"taxonomy":"post_tag","embeddable":true,"href":"https:\/\/corrientesdetarde.com\/index.php\/wp-json\/wp\/v2\/tags?post=129782"}],"curies":[{"name":"wp","href":"https:\/\/api.w.org\/{rel}","templated":true}]}}