{"id":12996,"date":"2022-10-20T14:38:03","date_gmt":"2022-10-20T17:38:03","guid":{"rendered":"https:\/\/corrientesdetarde.com\/?p=12996"},"modified":"2022-10-20T14:38:07","modified_gmt":"2022-10-20T17:38:07","slug":"diputados-impulsara-que-el-poder-judicial-pague-ganancias-a-partir-de-2023","status":"publish","type":"post","link":"https:\/\/corrientesdetarde.com\/index.php\/economia\/diputados-impulsara-que-el-poder-judicial-pague-ganancias-a-partir-de-2023\/","title":{"rendered":"Diputados impulsar\u00e1 que el Poder Judicial pague ganancias a partir de 2023"},"content":{"rendered":"\n<p><a href=\"javascript:void(0);\"><\/a>La iniciativa,presentada por el\u00a0secretario de la comisi\u00f3n, Marcelo Casaretto (FdT), permitir\u00eda\u00a0sumar $237.000 millones a las arcas p\u00fablicas y alcanzar\u00eda a\u00a0jueces, funcionarios y empleados de la Jsuticia.<\/p>\n\n\n\n<p>El oficialismo decidi\u00f3 incorporar un art\u00edculo en el Proyecto de Presupuesto para que los jueces, funcionarios y empleados del Poder Judicial paguen el impuesto a las ganancias, con lo cual se podr\u00edan sumar $237.000 millones a las arcas p\u00fablicas.<\/p>\n\n\n\n<p>La solicitud fue realizada por el secretario de la comisi\u00f3n, Marcelo Casaretto (FDT), quien se\u00f1al\u00f3 que &#8220;hay que modificar, dentro del rubro de Gastos Tributarios, la exenci\u00f3n de los ingresos de magistrados y funcionarios de los poderes judiciales nacionales y provinciales.<\/p>\n\n\n\n<p>La decisi\u00f3n fue adoptada en el marco de la reuni\u00f3n de la comisi\u00f3n de Presupuesto y Hacienda de la C\u00e1mara de Diputados donde\u00a0se analiza el dictamen que se emitira sobre el proyecto de gastos y recursos para el 2023, con el fin de que pueda ser tratado en una sesi\u00f3n que se celebrar\u00e1 el 25 de octubre.<\/p>\n\n\n\n<p>El Frente de Todos ten\u00eda asegurado poder tener un despacho con un alto consenso ya que no solo lo firmar\u00e1n los diputados oficialistas, sino que tambi\u00e9n lo har\u00eda el de Provincias Unidas, por lo que reunir\u00eda 25 firmas sobre las de los 49 integrantes de la comisi\u00f3n.<\/p>\n\n\n\n<p>El resto, tanto los 23 de Juntos por el Cambio, como el del interbloque Federal, no firmar\u00edan ning\u00fan despacho o expresar\u00edan algunas disidencias parciales, y se inclinar\u00edan por el acompa\u00f1amiento en general o la abstenci\u00f3n cuando se de la votaci\u00f3n en el recinto.<\/p>\n\n\n\n<p>La intenci\u00f3n del oficialismo es poder tratar el proyecto en una sesi\u00f3n que se celebrar\u00eda el pr\u00f3ximo martes a las 13, y que se extender\u00eda por m\u00e1s de 20 horas, seg\u00fan confiaron fuentes parlamentarias a T\u00e9lam.<\/p>\n\n\n\n<p>Para diagramar esa sesi\u00f3n, el pr\u00f3ximo lunes se reunir\u00e1n los presidentes de bloque, en Labor Parlamentaria.<\/p>\n\n\n\n<p><strong>El objetivo es obtener entre martes y mi\u00e9rcoles la media sanci\u00f3n para permitir que el Senado tenga el tiempo necesario para convertir en ley este proyecto clave para el Gobierno antes del 30 de noviembre.<\/strong><\/p>\n\n\n\n<p>Desde el oficialismo siempre existi\u00f3 la voluntad de llegar a un acuerdo con la oposici\u00f3n pero siempre que se mantengan las variables econ\u00f3micas que estiman un crecimiento de la econom\u00eda del 2%, una pauta inflacionaria del 60% y un descenso del d\u00e9ficit fiscal del 2,5% al 1,9%, que se busca con reducci\u00f3n de gastos y de subsidios.<\/p>\n\n\n\n<p>Si bien existen muchos pedidos de cambio el Presupuesto ya tiene m\u00e1s del 65% de los fondos destinados a gastos sociales, incluidos los pagos de los diferentes planes de asistencia, as\u00ed como las jubilaciones y pensiones, y se priorizar\u00e1n los fondos para salud, ciencia y educaci\u00f3n.<\/p>\n\n\n\n<p>El proyecto estima un gasto total de casi $ 29 billones, con una recaudaci\u00f3n aproximada de $ 22,5 billones y un d\u00e9ficit primario de $ 6,3 billones.<\/p>\n\n\n\n<p>Adem\u00e1s contempla un aumento del consumo privado estimado en 2,2% y la inversi\u00f3n en 2,9%, en tanto en materia de financiamiento se busca reducir la asistencia monetaria del Banco Central al Tesoro.<\/p>\n\n\n\n<p>En cuanto a la distribuci\u00f3n del gasto, el proyecto contempla destinar a la Administraci\u00f3n Gubernamental $ 1,6 billones, a Servicios de Defensa y Seguridad $ 1,2 billones, a gastos sociales $ 18 billones, servicios econ\u00f3micos $ 4,5 billones y a deuda p\u00fablica $ 2,9 billones, lo que implica casi $ 29 billones.<\/p>\n\n\n\n<p>Contempla un aumento en las exportaciones de 7,1% contra importaciones que se incrementar\u00edan el a\u00f1o pr\u00f3ximo 2%, y de esta manera, el super\u00e1vit comercial pasar\u00eda de US$ 7.700 millones este a\u00f1o a US$ 12.300 millones en 2023.<\/p>\n\n\n\n<p><\/p>\n","protected":false},"excerpt":{"rendered":"<p>La iniciativa,presentada por el\u00a0secretario de la comisi\u00f3n, Marcelo Casaretto (FdT), permitir\u00eda\u00a0sumar $237.000 millones a las arcas p\u00fablicas y alcanzar\u00eda a\u00a0jueces, funcionarios y empleados de la Jsuticia. El oficialismo decidi\u00f3 incorporar&hellip; <\/p>\n","protected":false},"author":8,"featured_media":12997,"comment_status":"closed","ping_status":"open","sticky":false,"template":"","format":"standard","meta":{"footnotes":""},"categories":[20],"tags":[],"class_list":["post-12996","post","type-post","status-publish","format-standard","has-post-thumbnail","hentry","category-economia"],"_links":{"self":[{"href":"https:\/\/corrientesdetarde.com\/index.php\/wp-json\/wp\/v2\/posts\/12996","targetHints":{"allow":["GET"]}}],"collection":[{"href":"https:\/\/corrientesdetarde.com\/index.php\/wp-json\/wp\/v2\/posts"}],"about":[{"href":"https:\/\/corrientesdetarde.com\/index.php\/wp-json\/wp\/v2\/types\/post"}],"author":[{"embeddable":true,"href":"https:\/\/corrientesdetarde.com\/index.php\/wp-json\/wp\/v2\/users\/8"}],"replies":[{"embeddable":true,"href":"https:\/\/corrientesdetarde.com\/index.php\/wp-json\/wp\/v2\/comments?post=12996"}],"version-history":[{"count":1,"href":"https:\/\/corrientesdetarde.com\/index.php\/wp-json\/wp\/v2\/posts\/12996\/revisions"}],"predecessor-version":[{"id":12998,"href":"https:\/\/corrientesdetarde.com\/index.php\/wp-json\/wp\/v2\/posts\/12996\/revisions\/12998"}],"wp:featuredmedia":[{"embeddable":true,"href":"https:\/\/corrientesdetarde.com\/index.php\/wp-json\/wp\/v2\/media\/12997"}],"wp:attachment":[{"href":"https:\/\/corrientesdetarde.com\/index.php\/wp-json\/wp\/v2\/media?parent=12996"}],"wp:term":[{"taxonomy":"category","embeddable":true,"href":"https:\/\/corrientesdetarde.com\/index.php\/wp-json\/wp\/v2\/categories?post=12996"},{"taxonomy":"post_tag","embeddable":true,"href":"https:\/\/corrientesdetarde.com\/index.php\/wp-json\/wp\/v2\/tags?post=12996"}],"curies":[{"name":"wp","href":"https:\/\/api.w.org\/{rel}","templated":true}]}}