{"id":130022,"date":"2024-03-04T14:47:14","date_gmt":"2024-03-04T17:47:14","guid":{"rendered":"https:\/\/corrientesdetarde.com\/?p=130022"},"modified":"2024-03-04T14:47:25","modified_gmt":"2024-03-04T17:47:25","slug":"fracaso-la-reunion-de-gremios-docentes-con-el-estado-nacional","status":"publish","type":"post","link":"https:\/\/corrientesdetarde.com\/index.php\/educacion\/fracaso-la-reunion-de-gremios-docentes-con-el-estado-nacional\/","title":{"rendered":"fracas\u00f3 la reuni\u00f3n de gremios docentes con el Estado Nacional"},"content":{"rendered":"\n<p>Jos\u00e9 Gea, secretario general de la Asociaci\u00f3n Correntina de Docentes Provinciales (ACDP), confirm\u00f3 que fracas\u00f3 la reuni\u00f3n de gremios docentes con el Estado Nacional para acordar el acuerdo salarial 2024. De este modo, aguardar\u00e1n el llamado de la Secretar\u00eda de Trabajo para fijar nueva fecha de reuni\u00f3n.<a href=\"https:\/\/www.facebook.com\/sharer.php?u=https%3A%2F%2Fwww.radiosudamericana.com%2Fnota%2Fpolitica%2F306259-Educacion--cuarto-intermedio-en-la-reunion-con-los-gremios-docentes.htm\" target=\"_blank\" rel=\"noreferrer noopener\"><\/a><\/p>\n\n\n\n<p>Seg\u00fan expres\u00f3 el referente, pasaron&nbsp;a cuarto intermedio &#8220;donde solicitamos una propuesta por parte del Estado y tambi\u00e9n hablamos del tema presentismo que nos parece que coarta con el derecho a reclamar&#8221;, en referencia a la<strong>&nbsp;posibilidad de aplicar presentismo al recibo de sueldos.<\/strong><\/p>\n\n\n\n<p>&#8220;Es algo que vamos a conversar en reuniones venideras&#8221;, se\u00f1al\u00f3. Tras la reuni\u00f3n, explic\u00f3 que no tuvieron respuestas y &#8220;vamos a insistir por esta situaci\u00f3n en particular&#8221;.<\/p>\n\n\n\n<p><audio src=\"https:\/\/www.radiosudamericana.com\/notix\/multimedia\/audios\/2024-03-04\/818277.mp3\"><\/audio>A la espera de una nueva reuni\u00f3n, afirm\u00f3 que ser\u00e1 la Secretar\u00eda de Trabajo qui\u00e9n les dar\u00e1 aviso de qu\u00e9 d\u00eda volver\u00e1n a reunirse. Esperan alcanzar alg\u00fan tipo de respuestas antes de ese tiempo en cuanto a lo salarial.<\/p>\n","protected":false},"excerpt":{"rendered":"<p>Jos\u00e9 Gea, secretario general de la Asociaci\u00f3n Correntina de Docentes Provinciales (ACDP), confirm\u00f3 que fracas\u00f3 la reuni\u00f3n de gremios docentes con el Estado Nacional para acordar el acuerdo salarial 2024.&hellip; <\/p>\n","protected":false},"author":8,"featured_media":130023,"comment_status":"closed","ping_status":"open","sticky":false,"template":"","format":"standard","meta":{"footnotes":""},"categories":[32],"tags":[],"class_list":["post-130022","post","type-post","status-publish","format-standard","has-post-thumbnail","hentry","category-educacion"],"_links":{"self":[{"href":"https:\/\/corrientesdetarde.com\/index.php\/wp-json\/wp\/v2\/posts\/130022","targetHints":{"allow":["GET"]}}],"collection":[{"href":"https:\/\/corrientesdetarde.com\/index.php\/wp-json\/wp\/v2\/posts"}],"about":[{"href":"https:\/\/corrientesdetarde.com\/index.php\/wp-json\/wp\/v2\/types\/post"}],"author":[{"embeddable":true,"href":"https:\/\/corrientesdetarde.com\/index.php\/wp-json\/wp\/v2\/users\/8"}],"replies":[{"embeddable":true,"href":"https:\/\/corrientesdetarde.com\/index.php\/wp-json\/wp\/v2\/comments?post=130022"}],"version-history":[{"count":1,"href":"https:\/\/corrientesdetarde.com\/index.php\/wp-json\/wp\/v2\/posts\/130022\/revisions"}],"predecessor-version":[{"id":130024,"href":"https:\/\/corrientesdetarde.com\/index.php\/wp-json\/wp\/v2\/posts\/130022\/revisions\/130024"}],"wp:featuredmedia":[{"embeddable":true,"href":"https:\/\/corrientesdetarde.com\/index.php\/wp-json\/wp\/v2\/media\/130023"}],"wp:attachment":[{"href":"https:\/\/corrientesdetarde.com\/index.php\/wp-json\/wp\/v2\/media?parent=130022"}],"wp:term":[{"taxonomy":"category","embeddable":true,"href":"https:\/\/corrientesdetarde.com\/index.php\/wp-json\/wp\/v2\/categories?post=130022"},{"taxonomy":"post_tag","embeddable":true,"href":"https:\/\/corrientesdetarde.com\/index.php\/wp-json\/wp\/v2\/tags?post=130022"}],"curies":[{"name":"wp","href":"https:\/\/api.w.org\/{rel}","templated":true}]}}