{"id":130025,"date":"2024-03-04T14:55:45","date_gmt":"2024-03-04T17:55:45","guid":{"rendered":"https:\/\/corrientesdetarde.com\/?p=130025"},"modified":"2024-03-04T15:51:59","modified_gmt":"2024-03-04T18:51:59","slug":"detalles-de-los-credito-para-comerciantes-afectados-por-las-lluvias","status":"publish","type":"post","link":"https:\/\/corrientesdetarde.com\/index.php\/informacion-general\/detalles-de-los-credito-para-comerciantes-afectados-por-las-lluvias\/","title":{"rendered":"detalles de los cr\u00e9dito para comerciantes afectados por las lluvias"},"content":{"rendered":"\n<p>A trav\u00e9s de una conferencia las autoridades del Banco de Corrientes brindaron detalles,\u00a0 del cr\u00e9dito para comerciantes que fueron afectados por las intensas lluvias del domingo en la ciudad de Corrientes. Conoc\u00e9 los requisitos.<\/p>\n\n\n\n<p>Ante la cat\u00e1strofe natural sin precedentes que sufri\u00f3 la Ciudad de Corrientes en la madrugada de este domingo, el Banco de Corrientes (BanCo) refuerza su compromiso a trav\u00e9s de acciones concretas. En conferencia de prensa, el Directorio anunci\u00f3 una l\u00ednea de cr\u00e9dito para comercios y prestadores de servicios damnificados por el temporal, a trav\u00e9s de la cual se podr\u00e1 solicitar hasta $15 millones a tasa cero, en un plazo de 24 meses y con m\u00ednimos requisitos.<\/p>\n\n\n\n<figure class=\"wp-block-image size-full\"><img loading=\"lazy\" decoding=\"async\" width=\"700\" height=\"700\" src=\"https:\/\/corrientesdetarde.com\/wp-content\/uploads\/2024\/03\/image-33.png\" alt=\"\" class=\"wp-image-130027\" srcset=\"https:\/\/corrientesdetarde.com\/wp-content\/uploads\/2024\/03\/image-33.png 700w, https:\/\/corrientesdetarde.com\/wp-content\/uploads\/2024\/03\/image-33-300x300.png 300w, https:\/\/corrientesdetarde.com\/wp-content\/uploads\/2024\/03\/image-33-150x150.png 150w\" sizes=\"auto, (max-width: 700px) 100vw, 700px\" \/><\/figure>\n\n\n\n<p><a href=\"https:\/\/www.facebook.com\/sharer.php?u=https%3A%2F%2Fwww.radiosudamericana.com%2Fnota%2Feconomia%2F306257-Conoce-los-detalles-del-credito-para-comerciantes-afectados-por-las-lluvias.htm\" target=\"_blank\" rel=\"noreferrer noopener\"><\/a><\/p>\n\n\n\n<p><audio src=\"https:\/\/www.radiosudamericana.com\/notix\/multimedia\/audios\/2024-03-04\/465598.mp3\"><\/audio><\/p>\n\n\n\n<p>La presentaci\u00f3n estuvo a cargo de la presidente, Laura Sprovieri, quien estuvo acompa\u00f1ada por el vicepresidente, Ricardo Rodriguez, y el director Enzo Maria. \u201cEsta ma\u00f1ana particip\u00e9 de la reuni\u00f3n de gabinete encabezada por el gobernador Gustavo Vald\u00e9s, en la cual encomend\u00f3 al BanCo a lanzar una l\u00ednea espec\u00edfica para comerciantes y prestadores de servicios, as\u00ed como micro y peque\u00f1as empresas, buscando paliar los da\u00f1os sufridos por la cat\u00e1strofe clim\u00e1tica\u201d, indic\u00f3 primeramente Sprovieri, quien agreg\u00f3 que \u201cante este dif\u00edcil momento, queremos que los correntinos sepan que cuentan su BanCo\u201d.<\/p>\n\n\n\n<p>El cupo de la l\u00ednea es de $2 mil millones y podr\u00e1 solicitarse a partir de este martes en&nbsp;<strong><a href=\"http:\/\/www.bancodecorrientes.com.ar\/\">www.bancodecorrientes.com.ar<\/a><\/strong>. Los afectados de Corrientes Capital y zonas de influencia podr\u00e1n completar un formulario online y, luego de ello, el BanCo se contactar\u00e1 para continuar con la gesti\u00f3n, sujeto a calificaci\u00f3n crediticia.<\/p>\n\n\n\n<figure class=\"wp-block-image\"><a href=\"https:\/\/www.radiosudamericana.com\/notix\/multimedia\/imagenes\/fotos\/2024-03-04\/992608.jpg\"><img decoding=\"async\" src=\"https:\/\/www.radiosudamericana.com\/notix\/multimedia\/imagenes\/fotos\/2024-03-04\/992608.jpg_nota.jpg\" alt=\"\"\/><\/a><\/figure>\n\n\n\n<p>\u201cPonemos este pr\u00e9stamo a disposici\u00f3n tanto de clientes del BanCo como de aquellos que no lo son, para capital de trabajo como para cualquier reparaci\u00f3n que deban hacer\u201d, especific\u00f3 Sprovieri. Por su parte, el director Maria destac\u00f3 que \u201ca menos de 24 horas de lo sucedido, la banca p\u00fablica correntina ya est\u00e1 saliendo con una propuesta de acompa\u00f1amiento a tasa cero, algo que realizamos exclusivamente para acompa\u00f1ar a prestadores de servicio y comerciantes\u201d.<\/p>\n","protected":false},"excerpt":{"rendered":"<p>A trav\u00e9s de una conferencia las autoridades del Banco de Corrientes brindaron detalles,\u00a0 del cr\u00e9dito para comerciantes que fueron afectados por las intensas lluvias del domingo en la ciudad de&hellip; <\/p>\n","protected":false},"author":8,"featured_media":130028,"comment_status":"closed","ping_status":"open","sticky":false,"template":"","format":"standard","meta":{"footnotes":""},"categories":[1],"tags":[],"class_list":["post-130025","post","type-post","status-publish","format-standard","has-post-thumbnail","hentry","category-informacion-general"],"_links":{"self":[{"href":"https:\/\/corrientesdetarde.com\/index.php\/wp-json\/wp\/v2\/posts\/130025","targetHints":{"allow":["GET"]}}],"collection":[{"href":"https:\/\/corrientesdetarde.com\/index.php\/wp-json\/wp\/v2\/posts"}],"about":[{"href":"https:\/\/corrientesdetarde.com\/index.php\/wp-json\/wp\/v2\/types\/post"}],"author":[{"embeddable":true,"href":"https:\/\/corrientesdetarde.com\/index.php\/wp-json\/wp\/v2\/users\/8"}],"replies":[{"embeddable":true,"href":"https:\/\/corrientesdetarde.com\/index.php\/wp-json\/wp\/v2\/comments?post=130025"}],"version-history":[{"count":1,"href":"https:\/\/corrientesdetarde.com\/index.php\/wp-json\/wp\/v2\/posts\/130025\/revisions"}],"predecessor-version":[{"id":130029,"href":"https:\/\/corrientesdetarde.com\/index.php\/wp-json\/wp\/v2\/posts\/130025\/revisions\/130029"}],"wp:featuredmedia":[{"embeddable":true,"href":"https:\/\/corrientesdetarde.com\/index.php\/wp-json\/wp\/v2\/media\/130028"}],"wp:attachment":[{"href":"https:\/\/corrientesdetarde.com\/index.php\/wp-json\/wp\/v2\/media?parent=130025"}],"wp:term":[{"taxonomy":"category","embeddable":true,"href":"https:\/\/corrientesdetarde.com\/index.php\/wp-json\/wp\/v2\/categories?post=130025"},{"taxonomy":"post_tag","embeddable":true,"href":"https:\/\/corrientesdetarde.com\/index.php\/wp-json\/wp\/v2\/tags?post=130025"}],"curies":[{"name":"wp","href":"https:\/\/api.w.org\/{rel}","templated":true}]}}