{"id":130030,"date":"2024-03-04T15:01:50","date_gmt":"2024-03-04T18:01:50","guid":{"rendered":"https:\/\/corrientesdetarde.com\/?p=130030"},"modified":"2024-03-04T15:02:01","modified_gmt":"2024-03-04T18:02:01","slug":"los-beatles-revolucionaron-la-semana-de-la-moda-de-paris-saludo-de-anna-wintour-y-foto-con-paris-jackson","status":"publish","type":"post","link":"https:\/\/corrientesdetarde.com\/index.php\/espectaculos\/los-beatles-revolucionaron-la-semana-de-la-moda-de-paris-saludo-de-anna-wintour-y-foto-con-paris-jackson\/","title":{"rendered":"Los Beatles revolucionaron la Semana de la Moda de Par\u00eds: saludo de Anna Wintour y foto con Paris Jackson"},"content":{"rendered":"\n<p>Paul McCartney y Ringo Starr estuvieron en la primera fila del desfile de Stella McCartney, hija del cantante.<\/p>\n\n\n\n<p>A m\u00e1s de 60 a\u00f1os de revolucionar la escena musical alrededor del mundo,\u00a0Los Beatles\u00a0mantienen la leyenda viva.\u00a0Paul McCartney y Ringo Starr asistieron al desfile de\u00a0Stella McCartney\u00a0(hija del cantante) en la\u00a0Semana de la Moda de Par\u00eds\u00a0y, como era de esperarse, fueron el centro de atenci\u00f3n y acapararon los\u00a0flashes.<\/p>\n\n\n\n<p>Con un privilegiado lugar en la primera fila junto a sus esposas, los m\u00fasicos posaron para las c\u00e1maras que los segu\u00edan a todos lados, al igual que otros famosos invitados.\u00a0<strong>Anna Wintour,\u00a0<\/strong>la editora jefe de Vogue y anfitriona de la Met Gala, se acerc\u00f3 a saludarlos, mientras que<strong>\u00a0Paris Jackson<\/strong>\u00a0(hija de Michael Jackson) se sac\u00f3 una foto con la dupla.<\/p>\n\n\n\n<figure class=\"wp-block-image\"><img decoding=\"async\" src=\"https:\/\/tn.com.ar\/resizer\/cMAtRJ8_a33WacQc4VvodR93Sqw=\/767x0\/smart\/filters:format(webp)\/cloudfront-us-east-1.images.arcpublishing.com\/artear\/WYY3EDCNFJEPFKBRVJBQNEZSPM.jpeg\" alt=\"Anna Wintour se acerc\u00f3 a saludar a Paul McCartney y Ringo Starr. (Foto: MIGUEL MEDINA \/ AFP)\"\/><figcaption class=\"wp-element-caption\">Anna Wintour se acerc\u00f3 a saludar a Paul McCartney y Ringo Starr. <\/figcaption><\/figure>\n\n\n\n<figure class=\"wp-block-image\"><img decoding=\"async\" src=\"https:\/\/tn.com.ar\/resizer\/gp4tq5Xyvux0UOETIEJnIc6m8XY=\/767x0\/smart\/filters:format(webp)\/cloudfront-us-east-1.images.arcpublishing.com\/artear\/BR6OYSN4ZFFQ3NAHOA7OCXZEZM.jpeg\" alt=\"Paris Jackson junto a Paul McCartney y Ringo Starr. (Foto: MIGUEL MEDINA \/ AFP)\"\/><figcaption class=\"wp-element-caption\">Paris Jackson junto a Paul McCartney y Ringo Starr. <\/figcaption><\/figure>\n\n\n\n<p>Al mejor estilo&nbsp;<em><strong>\u201cbritish gentlemen\u201d&nbsp;<\/strong><\/em>pero sin dejar de lado su costado rockero, los looks no pasaron desapercibidos. McCartney apost\u00f3 a un conjunto de&nbsp;<strong>chaleco, saco y pantal\u00f3n de vestir azul oscuro&nbsp;<\/strong>con camisa blanca.<\/p>\n\n\n\n<figure class=\"wp-block-image\"><img decoding=\"async\" src=\"https:\/\/tn.com.ar\/resizer\/Xth81_tpbwcej4KgwK_CeUxhrI8=\/767x0\/smart\/filters:format(webp)\/thumbs.vodgc.net\/1-14-Kgyp4E1709571765363_720P.jpg\" alt=\"Video Placeholder\"\/><\/figure>\n\n\n\n<p>Semana de la Moda de Par\u00eds<\/p>\n\n\n\n<p>El baterista, en tanto,&nbsp;<strong>combin\u00f3 una remera negra con estampa blanca, saco y pantal\u00f3n a juego y un cintur\u00f3n de cuero.&nbsp;<\/strong>Adem\u00e1s, los dos sumaron anteojos de sol a la apuesta.<\/p>\n\n\n\n<figure class=\"wp-block-image\"><img decoding=\"async\" src=\"https:\/\/tn.com.ar\/resizer\/zpl1bg-0f3EYAC8H-j8dYLBx9IE=\/767x0\/smart\/filters:format(webp)\/thumbs.vodgc.net\/1-14-bOU9nY1709570926135_1080P.jpg\" alt=\"Video Placeholder\"\/><\/figure>\n\n\n\n<p>Semana de la Moda de Par\u00eds<\/p>\n\n\n\n<h2 class=\"wp-block-heading\">Sam Smith tambi\u00e9n dio el presente en Paris Fashion Week<\/h2>\n\n\n\n<p>Paul McCartney y Ringo Starr no fueron los \u00fanicos m\u00fasicos que coparon la Semana de la Moda en la capital francesa. El cantante brit\u00e1nico&nbsp;<strong>Sam Smith,<\/strong>&nbsp;que alcanz\u00f3 la fama internacional en 2014 con su hi<em>t I\u2019m not the only one<\/em>, se subi\u00f3 a la pasarela de&nbsp;<strong>Vivienne Westwood<\/strong><\/p>\n\n\n\n<p>Referente fashionista y de la moda&nbsp;<em>genderless<\/em>, el artista desfil\u00f3 con un equipo de&nbsp;<strong>su\u00e9ter verde musgo con escote en V, una camisa le\u00f1adora pero usada a modo de \u201cculotte\u201d,<\/strong>&nbsp;con las piernas al descubierto, un poncho rojo cuadrill\u00e9 y medias y botas a juego. Adem\u00e1s llev\u00f3 un tocado con tul negro largo en la cabeza y un bast\u00f3n.<\/p>\n\n\n\n<figure class=\"wp-block-image\"><img decoding=\"async\" src=\"https:\/\/tn.com.ar\/resizer\/swaO2H3N-iqXI-E2mGAICDtuWK8=\/767x0\/smart\/filters:format(webp)\/cloudfront-us-east-1.images.arcpublishing.com\/artear\/WNSOGEP5BBHH5DUFMGOUMARY7I.jpg\" alt=\"Sam Smith desfil\u00f3 para Vivienne Westwood en Par\u00eds. (Foto: Instagram\/@samsmith)\"\/><figcaption class=\"wp-element-caption\">Sam Smith desfil\u00f3 para Vivienne Westwood en Par\u00eds. <\/figcaption><\/figure>\n\n\n\n<p>La&nbsp;<strong>colecci\u00f3n 2024\/2025<\/strong>&nbsp;de la firma, ideada por el&nbsp;<strong>director creativo y viudo de Westwood, Andreas Kronthaler<\/strong>, est\u00e1 inspirada en el Renacimiento y en la exposici\u00f3n de Giovanni Battista Moroni, uno de los retratistas italianos m\u00e1s famosos del siglo XVI. Al mismo tiempo, esta muestra llev\u00f3 al dise\u00f1ador a los primeros d\u00edas de su colaboraci\u00f3n con Vivienne Westwood a finales de los a\u00f1os 1980.<\/p>\n","protected":false},"excerpt":{"rendered":"<p>Paul McCartney y Ringo Starr estuvieron en la primera fila del desfile de Stella McCartney, hija del cantante. A m\u00e1s de 60 a\u00f1os de revolucionar la escena musical alrededor del&hellip; <\/p>\n","protected":false},"author":8,"featured_media":130031,"comment_status":"closed","ping_status":"open","sticky":false,"template":"","format":"standard","meta":{"footnotes":""},"categories":[19],"tags":[],"class_list":["post-130030","post","type-post","status-publish","format-standard","has-post-thumbnail","hentry","category-espectaculos"],"_links":{"self":[{"href":"https:\/\/corrientesdetarde.com\/index.php\/wp-json\/wp\/v2\/posts\/130030","targetHints":{"allow":["GET"]}}],"collection":[{"href":"https:\/\/corrientesdetarde.com\/index.php\/wp-json\/wp\/v2\/posts"}],"about":[{"href":"https:\/\/corrientesdetarde.com\/index.php\/wp-json\/wp\/v2\/types\/post"}],"author":[{"embeddable":true,"href":"https:\/\/corrientesdetarde.com\/index.php\/wp-json\/wp\/v2\/users\/8"}],"replies":[{"embeddable":true,"href":"https:\/\/corrientesdetarde.com\/index.php\/wp-json\/wp\/v2\/comments?post=130030"}],"version-history":[{"count":1,"href":"https:\/\/corrientesdetarde.com\/index.php\/wp-json\/wp\/v2\/posts\/130030\/revisions"}],"predecessor-version":[{"id":130032,"href":"https:\/\/corrientesdetarde.com\/index.php\/wp-json\/wp\/v2\/posts\/130030\/revisions\/130032"}],"wp:featuredmedia":[{"embeddable":true,"href":"https:\/\/corrientesdetarde.com\/index.php\/wp-json\/wp\/v2\/media\/130031"}],"wp:attachment":[{"href":"https:\/\/corrientesdetarde.com\/index.php\/wp-json\/wp\/v2\/media?parent=130030"}],"wp:term":[{"taxonomy":"category","embeddable":true,"href":"https:\/\/corrientesdetarde.com\/index.php\/wp-json\/wp\/v2\/categories?post=130030"},{"taxonomy":"post_tag","embeddable":true,"href":"https:\/\/corrientesdetarde.com\/index.php\/wp-json\/wp\/v2\/tags?post=130030"}],"curies":[{"name":"wp","href":"https:\/\/api.w.org\/{rel}","templated":true}]}}