{"id":130095,"date":"2024-03-04T20:31:13","date_gmt":"2024-03-04T23:31:13","guid":{"rendered":"https:\/\/corrientesdetarde.com\/?p=130095"},"modified":"2024-03-04T20:34:29","modified_gmt":"2024-03-04T23:34:29","slug":"kicillof-nuestro-pacto-es-con-el-pueblo-y-con-la-patria-y-nunca-lo-vamos-a-traicionar","status":"publish","type":"post","link":"https:\/\/corrientesdetarde.com\/index.php\/politica\/kicillof-nuestro-pacto-es-con-el-pueblo-y-con-la-patria-y-nunca-lo-vamos-a-traicionar\/","title":{"rendered":"KICILLOF: \u201cNUESTRO PACTO ES CON EL PUEBLO Y CON LA PATRIA, Y NUNCA LO VAMOS A TRAICIONAR\u201d"},"content":{"rendered":"\n<p>(Corresponsal\u00eda Buenos Aires) &#8211; \u201cDespu\u00e9s de someter al pueblo, a la democracia y al federalismo a una agresi\u00f3n tan in\u00e9dita como salvaje, ahora se nos lanza una invitaci\u00f3n que se parece m\u00e1s a una amenaza o una imposici\u00f3n que a un di\u00e1logo\u201d, afirm\u00f3 el gobernador Axel Kicillof al encabezar este lunes la apertura del 152\u00b0 per\u00edodo de Sesiones Ordinarias de la Legislatura bonaerense. \u201cNuestra respuesta es muy clara: cuenten con nosotros para reuniones de trabajo, para encuentros destinados a solucionar problemas, incluso para debatir. Pero si se trata de encuentros para las fotos y el marketing\u2026 arranquen nom\u00e1s si no llegamos\u201d, destac\u00f3.<\/p>\n\n\n\n<p>\u201cAnte este brutal contexto, los lineamientos rectores de nuestro proyecto los pr\u00f3ximos cuatro a\u00f1os seguir\u00e1n siendo un Gobierno protector, un Estado presente y un pueblo solidario\u201d, sostuvo el Gobernador. \u201cEstamos orgullosos de lo que hicimos, pero no satisfechos. No queremos que las cosas sigan como est\u00e1n: nosotros no somos el gobierno de la continuidad, somos el verdadero gobierno de la transformaci\u00f3n\u201d, expres\u00f3 Kicillof y agreg\u00f3: \u201cLos bonaerenses decidieron que los problemas no se solucionan con motosierra ni con dinamita. Sin embargo, esa voluntad mayoritaria de progreso encuentra hoy un obst\u00e1culo principal: las pol\u00edticas que lleva adelante el Gobierno Nacional\u201d.<\/p>\n\n\n\n<p>En ese sentido, el Gobernador subray\u00f3 que \u201cen muy poco tiempo va quedando claro que esta direcci\u00f3n que adopt\u00f3 el pa\u00eds no nos conduce a un mayor alivio ni a m\u00e1s bienestar, ya que el ajuste solo produce dolor, desintegraci\u00f3n y desigualdad\u201d. \u201cNunca un ajuste es inevitable, jam\u00e1s el sufrimiento de los que ya sufren es el remedio para nuestros problemas. Nuestro pueblo ya hizo demasiados sacrificios: no queremos motosierra, queremos m\u00e1s inversi\u00f3n para seguridad, salud y educaci\u00f3n\u201d, explic\u00f3.<\/p>\n\n\n\n<p>\u201cEn la campa\u00f1a electoral se repiti\u00f3 hasta el cansancio que el ajuste esta vez no era para los trabajadores, la clase media o los m\u00e1s vulnerables. La mentira est\u00e1 a la vista: las medidas que se tomaron desde el primer d\u00eda de gobierno dejaron en evidencia que los \u00fanicos perjudicados son las pymes, los trabajadores y los que menos tienen\u201d, se\u00f1al\u00f3 Kicillof.<\/p>\n\n\n\n<p>Al respecto, destac\u00f3 que \u201ca los dos d\u00edas de asumir, el presidente Javier Milei orden\u00f3 hacer la devaluaci\u00f3n voluntaria m\u00e1s grande de la historia argentina: depreci\u00f3 la moneda un 118% y puso en marcha la desregulaci\u00f3n de los mercados de bienes y servicios b\u00e1sicos e imprescindibles para la sociedad\u201d. \u201cEl abandono de las funciones del Estado llev\u00f3 a las nubes a los alquileres, los remedios, el combustible, los alimentos, las prepagas, y las cuotas de los colegios\u201d, sostuvo y remarc\u00f3: \u201cLa \u00fanica novedad es que se hizo con mayor profundidad y velocidad que en otras ocasiones, pero sin ninguna medida de compensaci\u00f3n, sin red, sin acompa\u00f1amiento y sin piedad\u201d.<\/p>\n\n\n\n<p>\u201cLos salarios registrados tuvieron la peor ca\u00edda en t\u00e9rminos reales en m\u00e1s de 20 a\u00f1os, llevando adem\u00e1s a una recesi\u00f3n que ya se empieza a observar con despidos en la construcci\u00f3n y en el comercio, suspensiones en la industria; cierre de empresas y de negocios\u201d, explic\u00f3.<\/p>\n\n\n\n<p>Asimismo, Kicillof expres\u00f3 que \u201cel Gobierno Nacional decidi\u00f3 eliminar por completo la obra p\u00fablica y, tras la muerte anunciada de la Ley \u00d3mnibus, le sac\u00f3 del bolsillo parte del sueldo a los docentes y aument\u00f3 el pasaje de colectivo en todo el pa\u00eds\u201d. \u201cLas transferencias que han cortado responden a leyes, decretos, normas y acuerdos vigentes, por lo cual el Gobierno nacional est\u00e1 incumpliendo sus obligaciones\u201d, manifest\u00f3 y subray\u00f3: \u201cEl Presidente dice que apunta contra las cajas de las pol\u00edtica, pero el ajuste a las provincias perjudica directamente a todos y todas las argentinas\u201d.<\/p>\n\n\n\n<p>Por \u00faltimo, Kicillof indic\u00f3: \u201cTodas nuestras medidas de gobierno estar\u00e1n orientadas a amortiguar y defender todo lo que se est\u00e1 abandonando o atacando desde el Gobierno central: nuestras posibilidades para hacerlo son limitadas, pero nuestra voluntad de proteger al pueblo bonaerense de este ataque no reconoce l\u00edmites\u201d. \u201cNos pueden atacar e injuriar, pero nosotros vamos a seguir recorriendo todos los pueblos y a seguir trabajando incansablemente para sostener y ampliar los derechos y por la justicia social. Lo que no pueden robarle a la provincia de Buenos Aires es su derecho al futuro\u201d, concluy\u00f3.<\/p>\n\n\n\n<p>Estuvieron presentes la vicegobernadora Ver\u00f3nica Magario; el presidente de la C\u00e1mara de Diputados bonaerense, Alejandro Dichiara; integrantes del gabinete provincial; intendentes e intendentas; legisladores; representantes gremiales y de organizaciones sociales.<\/p>\n\n\n\n<div data-wp-interactive=\"core\/file\" class=\"wp-block-file\"><object data-wp-bind--hidden=\"!state.hasPdfPreview\" hidden class=\"wp-block-file__embed\" data=\"https:\/\/corrientesdetarde.com\/wp-content\/uploads\/2024\/03\/2024-03-04-Discurso-Apertura-sesiones-2024-AK_240304_171530.pdf\" type=\"application\/pdf\" style=\"width:100%;height:600px\" aria-label=\"Incrustado de 2024-03-04-Discurso-Apertura-sesiones-2024-AK_240304_171530.\"><\/object><a id=\"wp-block-file--media-9dd684ca-9ea5-4bf5-afd1-f0da34d51299\" href=\"https:\/\/corrientesdetarde.com\/wp-content\/uploads\/2024\/03\/2024-03-04-Discurso-Apertura-sesiones-2024-AK_240304_171530.pdf\">2024-03-04-Discurso-Apertura-sesiones-2024-AK_240304_171530<\/a><a href=\"https:\/\/corrientesdetarde.com\/wp-content\/uploads\/2024\/03\/2024-03-04-Discurso-Apertura-sesiones-2024-AK_240304_171530.pdf\" class=\"wp-block-file__button wp-element-button\" download aria-describedby=\"wp-block-file--media-9dd684ca-9ea5-4bf5-afd1-f0da34d51299\">Descarga<\/a><\/div>\n","protected":false},"excerpt":{"rendered":"<p>(Corresponsal\u00eda Buenos Aires) &#8211; \u201cDespu\u00e9s de someter al pueblo, a la democracia y al federalismo a una agresi\u00f3n tan in\u00e9dita como salvaje, ahora se nos lanza una invitaci\u00f3n que se&hellip; <\/p>\n","protected":false},"author":11,"featured_media":130097,"comment_status":"closed","ping_status":"open","sticky":false,"template":"","format":"standard","meta":{"footnotes":""},"categories":[3],"tags":[160,1655],"class_list":["post-130095","post","type-post","status-publish","format-standard","has-post-thumbnail","hentry","category-politica","tag-kicillof","tag-sesiones"],"_links":{"self":[{"href":"https:\/\/corrientesdetarde.com\/index.php\/wp-json\/wp\/v2\/posts\/130095","targetHints":{"allow":["GET"]}}],"collection":[{"href":"https:\/\/corrientesdetarde.com\/index.php\/wp-json\/wp\/v2\/posts"}],"about":[{"href":"https:\/\/corrientesdetarde.com\/index.php\/wp-json\/wp\/v2\/types\/post"}],"author":[{"embeddable":true,"href":"https:\/\/corrientesdetarde.com\/index.php\/wp-json\/wp\/v2\/users\/11"}],"replies":[{"embeddable":true,"href":"https:\/\/corrientesdetarde.com\/index.php\/wp-json\/wp\/v2\/comments?post=130095"}],"version-history":[{"count":3,"href":"https:\/\/corrientesdetarde.com\/index.php\/wp-json\/wp\/v2\/posts\/130095\/revisions"}],"predecessor-version":[{"id":130106,"href":"https:\/\/corrientesdetarde.com\/index.php\/wp-json\/wp\/v2\/posts\/130095\/revisions\/130106"}],"wp:featuredmedia":[{"embeddable":true,"href":"https:\/\/corrientesdetarde.com\/index.php\/wp-json\/wp\/v2\/media\/130097"}],"wp:attachment":[{"href":"https:\/\/corrientesdetarde.com\/index.php\/wp-json\/wp\/v2\/media?parent=130095"}],"wp:term":[{"taxonomy":"category","embeddable":true,"href":"https:\/\/corrientesdetarde.com\/index.php\/wp-json\/wp\/v2\/categories?post=130095"},{"taxonomy":"post_tag","embeddable":true,"href":"https:\/\/corrientesdetarde.com\/index.php\/wp-json\/wp\/v2\/tags?post=130095"}],"curies":[{"name":"wp","href":"https:\/\/api.w.org\/{rel}","templated":true}]}}