{"id":13011,"date":"2022-10-20T15:14:45","date_gmt":"2022-10-20T18:14:45","guid":{"rendered":"https:\/\/corrientesdetarde.com\/?p=13011"},"modified":"2022-10-20T15:14:49","modified_gmt":"2022-10-20T18:14:49","slug":"el-cruce-entre-diego-brancatelli-y-gabriela-cerruti-por-los-dichos-de-alfa-de-gran-hermano","status":"publish","type":"post","link":"https:\/\/corrientesdetarde.com\/index.php\/nacionales\/el-cruce-entre-diego-brancatelli-y-gabriela-cerruti-por-los-dichos-de-alfa-de-gran-hermano\/","title":{"rendered":"El cruce entre Diego Brancatelli y Gabriela Cerruti por los dichos de Alfa de Gran Hermano"},"content":{"rendered":"\n<p>El debate pol\u00edtico que se gener\u00f3 a partir de un pol\u00e9mico comentario de un participante de la nueva edici\u00f3n de Gran Hermano.<\/p>\n\n\n\n<p>La portavoz de la Presidencia,&nbsp;<strong>Gabriela Cerruti<\/strong>, volvi\u00f3 a rechazar este jueves las acusaciones que un participante del reality Gran Hermano 2022 hizo ayer contra el presidente&nbsp;<strong>Alberto Fern\u00e1ndez<\/strong>&nbsp;al vincularlo con un hecho de corrupci\u00f3n y dijo que&nbsp;el Gobierno nacional adopt\u00f3 la decisi\u00f3n de &#8220;no dejar pasar estas cosas&#8221;.<\/p>\n\n\n\n<p>\u201cTenemos la decisi\u00f3n de no dejar pasar nada m\u00e1s porque\u00a0no se puede decir cualquier cosa de la gente.\u00a0No vale todo en nombre de una cierta libertad. Nos pareci\u00f3 que es muy importante que se salga a marcar que no se puede decir cualquier cosa ni en ese tipo de programa ni en cualquier otro\u201d, dijo Cerruti esta ma\u00f1ana en medio de la controversia que se gener\u00f3 luego de que saliera en las redes sociales al cruce de las afirmaciones de\u00a0<strong>Walter Santiago<\/strong>, m\u00e1s conocido como \u201cAlfa\u201d, en Gran Hermano.<\/p>\n\n\n\n<p>El periodista de&nbsp;<em>C5N<\/em>&nbsp;<strong>Diego Brancatelli<\/strong>&nbsp;fue una de las tantas personas que se molest\u00f3 con esta ins\u00f3lita disputa.<\/p>\n\n\n\n<p>&#8220;El 1% de los Argentinos escuch\u00f3 lo que dijo el fantasma este de GH sobre el Presidente, hasta que @gabicerru se encarg\u00f3 que lo sepa el 90%. Ella o el cr\u00e1neo que pens\u00f3 q hacer eso era acertado, sepa q nos est\u00e1n haciendo mucho da\u00f1o y siendo funcionales al Macrismo. No hagan + nada&#8221;, tuite\u00f3 Brancatelli y la portavoz de la Presidencia recogi\u00f3 el guante.<\/p>\n\n\n\n<p>&#8220;En serio te parece que hay m\u00e1s gente que escucha lo que sucede en tus programas que la que sabe lo que pas\u00f3 en Gran Hermano? Uau&#8221;, lo chicane\u00f3 Cerruti a trav\u00e9s de la misma red social.<\/p>\n\n\n\n<p>Lejos de quedar ah\u00ed la discusi\u00f3n, Brancatelli insisti\u00f3 con su idea e intent\u00f3 mostrarle el da\u00f1o que implica para el oficialismo trabarse en un debate con un participante de Gran Hermano.<\/p>\n\n\n\n<p><\/p>\n","protected":false},"excerpt":{"rendered":"<p>El debate pol\u00edtico que se gener\u00f3 a partir de un pol\u00e9mico comentario de un participante de la nueva edici\u00f3n de Gran Hermano. La portavoz de la Presidencia,&nbsp;Gabriela Cerruti, volvi\u00f3 a&hellip; <\/p>\n","protected":false},"author":8,"featured_media":13012,"comment_status":"closed","ping_status":"open","sticky":false,"template":"","format":"standard","meta":{"footnotes":""},"categories":[10],"tags":[],"class_list":["post-13011","post","type-post","status-publish","format-standard","has-post-thumbnail","hentry","category-nacionales"],"_links":{"self":[{"href":"https:\/\/corrientesdetarde.com\/index.php\/wp-json\/wp\/v2\/posts\/13011","targetHints":{"allow":["GET"]}}],"collection":[{"href":"https:\/\/corrientesdetarde.com\/index.php\/wp-json\/wp\/v2\/posts"}],"about":[{"href":"https:\/\/corrientesdetarde.com\/index.php\/wp-json\/wp\/v2\/types\/post"}],"author":[{"embeddable":true,"href":"https:\/\/corrientesdetarde.com\/index.php\/wp-json\/wp\/v2\/users\/8"}],"replies":[{"embeddable":true,"href":"https:\/\/corrientesdetarde.com\/index.php\/wp-json\/wp\/v2\/comments?post=13011"}],"version-history":[{"count":1,"href":"https:\/\/corrientesdetarde.com\/index.php\/wp-json\/wp\/v2\/posts\/13011\/revisions"}],"predecessor-version":[{"id":13013,"href":"https:\/\/corrientesdetarde.com\/index.php\/wp-json\/wp\/v2\/posts\/13011\/revisions\/13013"}],"wp:featuredmedia":[{"embeddable":true,"href":"https:\/\/corrientesdetarde.com\/index.php\/wp-json\/wp\/v2\/media\/13012"}],"wp:attachment":[{"href":"https:\/\/corrientesdetarde.com\/index.php\/wp-json\/wp\/v2\/media?parent=13011"}],"wp:term":[{"taxonomy":"category","embeddable":true,"href":"https:\/\/corrientesdetarde.com\/index.php\/wp-json\/wp\/v2\/categories?post=13011"},{"taxonomy":"post_tag","embeddable":true,"href":"https:\/\/corrientesdetarde.com\/index.php\/wp-json\/wp\/v2\/tags?post=13011"}],"curies":[{"name":"wp","href":"https:\/\/api.w.org\/{rel}","templated":true}]}}