{"id":130173,"date":"2024-03-04T23:57:10","date_gmt":"2024-03-05T02:57:10","guid":{"rendered":"https:\/\/corrientesdetarde.com\/?p=130173"},"modified":"2024-03-04T23:57:22","modified_gmt":"2024-03-05T02:57:22","slug":"se-confirmo-la-fecha-de-cierre-de-star-que-pasara-con-sus-contenidos-y-suscriptores","status":"publish","type":"post","link":"https:\/\/corrientesdetarde.com\/index.php\/espectaculos\/se-confirmo-la-fecha-de-cierre-de-star-que-pasara-con-sus-contenidos-y-suscriptores\/","title":{"rendered":"Se confirm\u00f3 la fecha de cierre de Star+: qu\u00e9 pasar\u00e1 con sus contenidos y suscriptores"},"content":{"rendered":"\n<p>La plataforma de streaming sufri\u00f3 la filtraci\u00f3n de los datos que confirman cu\u00e1ndo desaparecer\u00e1.<\/p>\n\n\n\n<p><strong>Star+<\/strong>, la plataforma de streaming de<strong>&nbsp;Walt Disney Company,&nbsp;<\/strong>llegar\u00e1 a su fin el pr\u00f3ximo&nbsp;<strong>30 de junio.<\/strong>&nbsp;Si bien ya se hab\u00eda confirmado que iba a cerrar y que se iba a fusionar con Disney+ en un futuro, todav\u00eda no se sab\u00eda la fecha en que se iba a hacer oficial. &nbsp;<\/p>\n\n\n\n<p>La filtraci\u00f3n de estos datos lleg\u00f3 de la mano de la empresa de telecomunicaciones Movistar Chile, la cual dio la noticia a trav\u00e9s de un comunicado donde confirmaron que&nbsp;\u201cla plataforma de&nbsp;streaming&nbsp;Star+, por decisi\u00f3n del proveedor,&nbsp;<strong>ser\u00e1 eliminada en todo el pa\u00eds a partir del 30 de junio de 2024<\/strong>\u201d. &nbsp;<\/p>\n\n\n\n<p>Esto termin\u00f3 de revelar el anuncio oficial que iba a hacer Disney en Latinoam\u00e9rica, ya que la plataforma que cierra s\u00f3lo funciona en esta parte del continente, puesto que ya finaliz\u00f3 sus servicios en el resto de los pa\u00edses. &nbsp;<\/p>\n\n\n\n<p>Quien hab\u00eda anunciado previamente que Star+ iba a desaparecer hab\u00eda sido<strong>&nbsp;Diego Lerner,<\/strong>&nbsp;presidente de The Walt Disney Company Latin America: \u201c<strong>Esta integraci\u00f3n permitir\u00e1 que la fuerza inigualable de nuestro contenido est\u00e9 disponible en una sola aplicaci\u00f3n,<\/strong>&nbsp;brindando una experiencia mejorada y superadora,&nbsp;y un acceso simplificado a los suscriptores, en quienes siempre ponemos el foco\u201d. &nbsp;<\/p>\n\n\n\n<p>Ahora la gran inc\u00f3gnita es qu\u00e9 suceder\u00e1 con los contenidos de la plataforma y sus suscriptores. La respuesta que dieron es que, al fusionarse con Disney+,&nbsp;<strong>todo el cat\u00e1logo pasar\u00e1 a la plataforma de streaming de la compa\u00f1\u00eda del rat\u00f3n.&nbsp;<\/strong><\/p>\n\n\n\n<p>De momento, falta definir&nbsp;<strong>qu\u00e9 suceder\u00e1 con los suscriptores<\/strong>: si ser\u00e1n redirigidos autom\u00e1ticamente o si deber\u00e1n suscribirse nuevamente, m\u00e1s cu\u00e1nto costar\u00e1 el servicio. Posiblemente informen sobre estas cuestiones cuando den el anuncio oficial. &nbsp;<\/p>\n","protected":false},"excerpt":{"rendered":"<p>La plataforma de streaming sufri\u00f3 la filtraci\u00f3n de los datos que confirman cu\u00e1ndo desaparecer\u00e1. Star+, la plataforma de streaming de&nbsp;Walt Disney Company,&nbsp;llegar\u00e1 a su fin el pr\u00f3ximo&nbsp;30 de junio.&nbsp;Si bien&hellip; <\/p>\n","protected":false},"author":4,"featured_media":130174,"comment_status":"closed","ping_status":"open","sticky":false,"template":"","format":"standard","meta":{"footnotes":""},"categories":[19],"tags":[],"class_list":["post-130173","post","type-post","status-publish","format-standard","has-post-thumbnail","hentry","category-espectaculos"],"_links":{"self":[{"href":"https:\/\/corrientesdetarde.com\/index.php\/wp-json\/wp\/v2\/posts\/130173","targetHints":{"allow":["GET"]}}],"collection":[{"href":"https:\/\/corrientesdetarde.com\/index.php\/wp-json\/wp\/v2\/posts"}],"about":[{"href":"https:\/\/corrientesdetarde.com\/index.php\/wp-json\/wp\/v2\/types\/post"}],"author":[{"embeddable":true,"href":"https:\/\/corrientesdetarde.com\/index.php\/wp-json\/wp\/v2\/users\/4"}],"replies":[{"embeddable":true,"href":"https:\/\/corrientesdetarde.com\/index.php\/wp-json\/wp\/v2\/comments?post=130173"}],"version-history":[{"count":1,"href":"https:\/\/corrientesdetarde.com\/index.php\/wp-json\/wp\/v2\/posts\/130173\/revisions"}],"predecessor-version":[{"id":130175,"href":"https:\/\/corrientesdetarde.com\/index.php\/wp-json\/wp\/v2\/posts\/130173\/revisions\/130175"}],"wp:featuredmedia":[{"embeddable":true,"href":"https:\/\/corrientesdetarde.com\/index.php\/wp-json\/wp\/v2\/media\/130174"}],"wp:attachment":[{"href":"https:\/\/corrientesdetarde.com\/index.php\/wp-json\/wp\/v2\/media?parent=130173"}],"wp:term":[{"taxonomy":"category","embeddable":true,"href":"https:\/\/corrientesdetarde.com\/index.php\/wp-json\/wp\/v2\/categories?post=130173"},{"taxonomy":"post_tag","embeddable":true,"href":"https:\/\/corrientesdetarde.com\/index.php\/wp-json\/wp\/v2\/tags?post=130173"}],"curies":[{"name":"wp","href":"https:\/\/api.w.org\/{rel}","templated":true}]}}