{"id":130183,"date":"2024-03-05T08:42:28","date_gmt":"2024-03-05T11:42:28","guid":{"rendered":"https:\/\/corrientesdetarde.com\/?p=130183"},"modified":"2024-03-05T08:42:32","modified_gmt":"2024-03-05T11:42:32","slug":"no-hubo-avances-en-la-conciliacion-obligatoria-con-gremios-docentes","status":"publish","type":"post","link":"https:\/\/corrientesdetarde.com\/index.php\/locales\/no-hubo-avances-en-la-conciliacion-obligatoria-con-gremios-docentes\/","title":{"rendered":"No hubo avances en la conciliaci\u00f3n obligatoria con gremios docentes"},"content":{"rendered":"\n<p>No hubo avances en la primera reuni\u00f3n conciliatoria entre representantes del Gobierno de la Provincia y de los gremios docentes en la Secretar\u00eda de Trabajo. Los sindicatos solicitan una mejora salarial que est\u00e9 por encima de la l\u00ednea de pobreza. Adem\u00e1s, no coinciden en que el Incentivo Docente que abonar\u00e1 Corrientes est\u00e9 sujeto al presentismo.<\/p>\n\n\n\n<p>&#8220;Pasamos a un cuarto intermedio porque no hubo ning\u00fan tipo de propuesta nueva&#8221;, dijo el titular de la Asociaci\u00f3n Correntina de Docentes Provinciales (ACDP), Jos\u00e9 Gea, a la prensa luego de la reuni\u00f3n. &#8220;Sostuvimos que es insuficiente la propuesta hecha y que nos manten\u00edamos en la postura de lo que se dec\u00eda en la paritaria nacional: ning\u00fan docente puede estar por debajo de la l\u00ednea de pobreza&#8221;, expres\u00f3 el secretario general del Sindicato \u00danico de Trabajadores de la Educaci\u00f3n de Corrientes (SUTECO), Fernando Ram\u00edrez.<\/p>\n\n\n\n<p>La conciliaci\u00f3n se dict\u00f3 luego de que ACDP, AMET, SADOP y SUTECO llamasen a un paro para el inicio de clases luego del naufragio de las conversaciones en la mesa salarial provincial. Solo los \u00faltimos no acataron, ya que adhirieron al paro nacional de CTERA.<\/p>\n\n\n\n<p>&nbsp; &nbsp;&nbsp;<br>Entonces, los gremios no hab\u00edan aceptado la propuesta oficial, la cual luego se anunci\u00f3 para los docentes y que permite elevar el m\u00ednimo de aproximadamente $250.000 a m\u00e1s de $378.000, como as\u00ed la absorci\u00f3n de los \u00edtems eliminados por el presidente Javier Milei. A su vez, la convocatoria de la Secretar\u00eda de Trabajo y Empleo coincidi\u00f3 con un paro nacional de los sindicatos cegetistas al que adhirieron en Corrientes las organizaciones de base. Finalmente, ayer el Gobierno Provincial suspendi\u00f3 las clases debido a la cat\u00e1strofe clim\u00e1tica que este fin de semana azot\u00f3 a la ciudad capital.<\/p>\n\n\n\n<p>Los dirigentes gremiales expresaron su postura de que el salario docente debe cubrir la Canasta B\u00e1sica Total que, seg\u00fan el INDEC, en enero fue de $596.823. Los representantes provinciales contraofertaron un piso de $378.000 en marzo para un docente de grado sin antig\u00fcedad. Esto incluye las horas extendidas, seg\u00fan informaron los sindicalistas.<\/p>\n\n\n\n<p>Desde el Gobierno Provincial, por su parte, hab\u00edan expresado en ocasiones anteriores que se realiza un &#8220;gran esfuerzo econ\u00f3mico&#8221; con la absorci\u00f3n de los fondos educativos especiales que recort\u00f3 el Gobierno Nacional. Esto incluye el Fondo Nacional de Incentivo Docente, horas extendidas, conectividad y materiales did\u00e1cticos, entre otros.<\/p>\n\n\n\n<p>Adem\u00e1s, los sindicatos docentes cuestionan la posibilidad de atar el pago del Incentivo Docente al presentismo. Alegan que, m\u00e1s all\u00e1 del contexto del paro, los trabajadores podr\u00edan no cobrar dicho monto en caso de licencia por enfermedad, cuidados de un familiar o por otra raz\u00f3n particular. En este sentido, Gea se\u00f1al\u00f3: &#8220;Se trat\u00f3 de incluir el \u00edtem aula o presentismo en la discusi\u00f3n, que nos enteramos por los medios que ser\u00eda condicionado por el Ministerio de Educaci\u00f3n&#8221;. Mientras que, los gremios reclaman la incorporaci\u00f3n del \u00edtem movilidad.<\/p>\n\n\n\n<p>Cabe se\u00f1alar que, por el momento, no hay una nueva fecha de convocatoria a un encuentro. La conciliaci\u00f3n rige por 15 d\u00edas y, en este marco, los sindicatos solicitaron la presencia de un funcionario del Ministerio de Hacienda que participe de las negociaciones.<\/p>\n","protected":false},"excerpt":{"rendered":"<p>No hubo avances en la primera reuni\u00f3n conciliatoria entre representantes del Gobierno de la Provincia y de los gremios docentes en la Secretar\u00eda de Trabajo. Los sindicatos solicitan una mejora&hellip; <\/p>\n","protected":false},"author":12,"featured_media":130196,"comment_status":"closed","ping_status":"open","sticky":false,"template":"","format":"standard","meta":{"footnotes":""},"categories":[8],"tags":[],"class_list":["post-130183","post","type-post","status-publish","format-standard","has-post-thumbnail","hentry","category-locales"],"_links":{"self":[{"href":"https:\/\/corrientesdetarde.com\/index.php\/wp-json\/wp\/v2\/posts\/130183","targetHints":{"allow":["GET"]}}],"collection":[{"href":"https:\/\/corrientesdetarde.com\/index.php\/wp-json\/wp\/v2\/posts"}],"about":[{"href":"https:\/\/corrientesdetarde.com\/index.php\/wp-json\/wp\/v2\/types\/post"}],"author":[{"embeddable":true,"href":"https:\/\/corrientesdetarde.com\/index.php\/wp-json\/wp\/v2\/users\/12"}],"replies":[{"embeddable":true,"href":"https:\/\/corrientesdetarde.com\/index.php\/wp-json\/wp\/v2\/comments?post=130183"}],"version-history":[{"count":1,"href":"https:\/\/corrientesdetarde.com\/index.php\/wp-json\/wp\/v2\/posts\/130183\/revisions"}],"predecessor-version":[{"id":130197,"href":"https:\/\/corrientesdetarde.com\/index.php\/wp-json\/wp\/v2\/posts\/130183\/revisions\/130197"}],"wp:featuredmedia":[{"embeddable":true,"href":"https:\/\/corrientesdetarde.com\/index.php\/wp-json\/wp\/v2\/media\/130196"}],"wp:attachment":[{"href":"https:\/\/corrientesdetarde.com\/index.php\/wp-json\/wp\/v2\/media?parent=130183"}],"wp:term":[{"taxonomy":"category","embeddable":true,"href":"https:\/\/corrientesdetarde.com\/index.php\/wp-json\/wp\/v2\/categories?post=130183"},{"taxonomy":"post_tag","embeddable":true,"href":"https:\/\/corrientesdetarde.com\/index.php\/wp-json\/wp\/v2\/tags?post=130183"}],"curies":[{"name":"wp","href":"https:\/\/api.w.org\/{rel}","templated":true}]}}