{"id":130184,"date":"2024-03-05T08:40:21","date_gmt":"2024-03-05T11:40:21","guid":{"rendered":"https:\/\/corrientesdetarde.com\/?p=130184"},"modified":"2024-03-05T08:40:24","modified_gmt":"2024-03-05T11:40:24","slug":"corrientes-motociclistas-rodeo-a-presunto-ladron-y-lo-hirio-a-tiros","status":"publish","type":"post","link":"https:\/\/corrientesdetarde.com\/index.php\/policiales\/corrientes-motociclistas-rodeo-a-presunto-ladron-y-lo-hirio-a-tiros\/","title":{"rendered":"Corrientes: motociclistas rode\u00f3 a presunto ladr\u00f3n y lo hiri\u00f3 a tiros"},"content":{"rendered":"\n<p>Seis ocupantes de tres motocicletas rodearon a un joven para cometer un salvaje ataque a balazos en una avenida de la zona sureste de la capital provincial. Como consecuencia de la agresi\u00f3n, la v\u00edctima, acusada de participar en un supuesto acto de robo, result\u00f3 herida de cinco impactos en ambas piernas y un brazo.<\/p>\n\n\n\n<p>Los responsables del supuesto acto de venganza o ajuste de cuentas tomaron de sorpresa a su objetivo sin darle chance a escape o defensa.<\/p>\n\n\n\n<p>Entre los autores del hecho delictivo estaba una mujer, seg\u00fan detalles que aport\u00f3 la propia v\u00edctima en su declaraci\u00f3n informal ante las autoridades, mientras era trasladada a un hospital.<\/p>\n\n\n\n<p>La Polic\u00eda cuenta con una serie de apodos que corresponder\u00edan a por lo menos cuatro de los part\u00edcipes en el tiroteo registrado el s\u00e1bado a la noche en Cartagena casi Francia, en el barrio Villa Raquel.<\/p>\n\n\n\n<p>La persona afectada de los m\u00faltiples balazos fue identificada por las autoridades como Gustavo Ram\u00f3n F., de 27 a\u00f1os.<\/p>\n\n\n\n<p>El joven ingres\u00f3 al \u00e1rea de emergencias del Hospital Escuela con lesiones en ambos miembros inferiores y el brazo derecho.<\/p>\n\n\n\n<p>Alrededor de las 22:15 de aquel d\u00eda, seg\u00fan informaci\u00f3n a la cual accedi\u00f3 diario \u00e9poca, Gustavo F. caminaba sobre la vereda en direcci\u00f3n a la esquina mencionada cuando de forma imprevista llegaron tres motos con dos ocupantes en cada una de ellas.<\/p>\n\n\n\n<p>De acuerdo a dichos del damnificado, observ\u00f3 que en los veh\u00edculos circulaban cinco hombres y una chica. Uno de ellos extrajo de sus prendas de vestir un rev\u00f3lver con el que empez\u00f3 a realizar disparos a corta distancia.<\/p>\n\n\n\n<p>El joven no pudo huir porque estaba rodeado. Es as\u00ed que primero le efectuaron disparos a las piernas para poder inmovilizarlo. Despu\u00e9s lo hirieron en el brazo que levantaba para cubrirse el rostro.<\/p>\n\n\n\n<p>Vecinos que oyeron las detonaciones llamaron de forma inmediata a la Polic\u00eda v\u00eda sistema de emergencias 911.<\/p>\n\n\n\n<p>Efectivos de la Comisar\u00eda Seccional Octava acudieron al hospital y al escenario de los hechos para interiorizarse de todos los detalles posibles. Poco a poco tomaron nota de los siguientes alias o apodos que el propio damnificado aport\u00f3 sobre sus agresores: &#8220;Davicito&#8221;, &#8220;Enzito&#8221;, &#8220;Picachu&#8221; y &#8220;Nano&#8221;.<\/p>\n\n\n\n<p>Estos sujetos iban acompa\u00f1ados de otro hombre y una jovencita. La banda se movilizaba en dos motos tipo 110 y en una tipo cross.<\/p>\n\n\n\n<p>Pese a la b\u00fasqueda de testigos presenciales como de im\u00e1genes de c\u00e1maras de seguridad no fue posible, precisaron fuentes del caso.<\/p>\n\n\n\n<p>Aunque sufri\u00f3 los m\u00faltiples impactos la vida de Gustavo F. estar\u00eda fuera de peligro. Adem\u00e1s de los orificios de bala acusa fractura de mu\u00f1eca.<\/p>\n\n\n\n<p>Los proyectiles corresponder\u00edan a un arma de fuego calibre .22. Habr\u00edan sido disparados con un rev\u00f3lver, ya que los detectives mencionaron no localizar casquillos.<\/p>\n\n\n\n<p>En cuanto al m\u00f3vil del ataque, familiares de Gustavo precisaron que el muchacho padece de una enfermedad ligada al consumo problem\u00e1tico de drogas.<\/p>\n\n\n\n<p>Hace algunos d\u00edas ya fue blanco de amenazas de muerte como de un intento de agresi\u00f3n porque, seg\u00fan versiones extraoficiales, incluso mencionadas de parte de su familia, estar\u00eda nombrado como autor o part\u00edcipe en algunos il\u00edcitos. En este sentido, la banda de motociclistas habr\u00eda buscado de esta manera cometer la venganza o &#8220;ajuste de cuentas&#8221; porque les habr\u00edan robado.<\/p>\n\n\n\n<p>Hasta ayer no hab\u00eda personas detenidas o elemento secuestrado en relaci\u00f3n al tiroteo en plena v\u00eda p\u00fablica.<\/p>\n\n\n\n<p>La investigaci\u00f3n qued\u00f3 en manos de la Unidad Fiscal a cargo de Ra\u00fal Pasetto.<\/p>\n","protected":false},"excerpt":{"rendered":"<p>Seis ocupantes de tres motocicletas rodearon a un joven para cometer un salvaje ataque a balazos en una avenida de la zona sureste de la capital provincial. Como consecuencia de&hellip; <\/p>\n","protected":false},"author":12,"featured_media":105800,"comment_status":"closed","ping_status":"open","sticky":false,"template":"","format":"standard","meta":{"footnotes":""},"categories":[33],"tags":[],"class_list":["post-130184","post","type-post","status-publish","format-standard","has-post-thumbnail","hentry","category-policiales"],"_links":{"self":[{"href":"https:\/\/corrientesdetarde.com\/index.php\/wp-json\/wp\/v2\/posts\/130184","targetHints":{"allow":["GET"]}}],"collection":[{"href":"https:\/\/corrientesdetarde.com\/index.php\/wp-json\/wp\/v2\/posts"}],"about":[{"href":"https:\/\/corrientesdetarde.com\/index.php\/wp-json\/wp\/v2\/types\/post"}],"author":[{"embeddable":true,"href":"https:\/\/corrientesdetarde.com\/index.php\/wp-json\/wp\/v2\/users\/12"}],"replies":[{"embeddable":true,"href":"https:\/\/corrientesdetarde.com\/index.php\/wp-json\/wp\/v2\/comments?post=130184"}],"version-history":[{"count":1,"href":"https:\/\/corrientesdetarde.com\/index.php\/wp-json\/wp\/v2\/posts\/130184\/revisions"}],"predecessor-version":[{"id":130195,"href":"https:\/\/corrientesdetarde.com\/index.php\/wp-json\/wp\/v2\/posts\/130184\/revisions\/130195"}],"wp:featuredmedia":[{"embeddable":true,"href":"https:\/\/corrientesdetarde.com\/index.php\/wp-json\/wp\/v2\/media\/105800"}],"wp:attachment":[{"href":"https:\/\/corrientesdetarde.com\/index.php\/wp-json\/wp\/v2\/media?parent=130184"}],"wp:term":[{"taxonomy":"category","embeddable":true,"href":"https:\/\/corrientesdetarde.com\/index.php\/wp-json\/wp\/v2\/categories?post=130184"},{"taxonomy":"post_tag","embeddable":true,"href":"https:\/\/corrientesdetarde.com\/index.php\/wp-json\/wp\/v2\/tags?post=130184"}],"curies":[{"name":"wp","href":"https:\/\/api.w.org\/{rel}","templated":true}]}}