{"id":130202,"date":"2024-03-05T09:32:15","date_gmt":"2024-03-05T12:32:15","guid":{"rendered":"https:\/\/corrientesdetarde.com\/?p=130202"},"modified":"2024-03-05T09:32:27","modified_gmt":"2024-03-05T12:32:27","slug":"camilo-revelo-la-increible-reaccion-de-su-hija-indigo-al-enterarse-que-evaluna-montaner-esta-embarazada","status":"publish","type":"post","link":"https:\/\/corrientesdetarde.com\/index.php\/espectaculos\/camilo-revelo-la-increible-reaccion-de-su-hija-indigo-al-enterarse-que-evaluna-montaner-esta-embarazada\/","title":{"rendered":"Camilo revel\u00f3 la incre\u00edble reacci\u00f3n de su hija \u00cdndigo al enterarse que Evaluna Montaner est\u00e1 embarazada"},"content":{"rendered":"\n<p>Muchos comentarios de felicidad llegaron tras conocerse la noticia del segundo embarazo de\u00a0Evaluna Montaner. Ella y su marido,\u00a0Camilo Echeverry, anunciaron que le dar\u00e1n un hermanito a\u00a0<strong>\u00cdndigo<\/strong>, ya que se vendr\u00e1 un integrante m\u00e1s a la familia\u00a0<strong>Montaner<\/strong>. Poco despu\u00e9s, empezaron a aparecer los posteos de felicidad ante la hermosa noticia.<\/p>\n\n\n\n<p>Luego de conocerse el hermoso video narrado por el propio&nbsp;<strong>Camilo<\/strong>&nbsp;en su cuenta de Instagram y la de&nbsp;<a href=\"https:\/\/www.mdzol.com\/entretenimiento\/2023\/12\/28\/evaluna-montaner-desata-la-polemica-al-revelar-que-nunca-fue-al-ginecologo-durante-su-embarazo-394990.html\">Evaluna<\/a>, que suman entre ambas m\u00e1s de 49 millones de fans, en el que confirm\u00f3 el rumor que circulaba desde hace varios d\u00edas, el cantante revel\u00f3 que la reacci\u00f3n de la peque\u00f1a al saber que tendr\u00e1 un hermanito.<\/p>\n\n\n\n<p>Confirm\u00f3 que eligieron el nombre Amaranto para el beb\u00e9 en camino, aunque todav\u00eda desconocen el sexo, y adem\u00e1s&nbsp;<strong>Camilo<\/strong>&nbsp;sum\u00f3 un comentario en el posteo mismo, para graficar una intimidad muy familiar: &#8220;Cuando escuchamos el coraz\u00f3n de Amaranto, era tan fuerte y tan r\u00edtmico, que \u00cdndigo grit\u00f3 &#8216;Caballoooo&#8217;. Somos cuatro&#8221;.<br>&nbsp;<\/p>\n\n\n\n<figure class=\"wp-block-image\"><img decoding=\"async\" src=\"https:\/\/www.mdzol.com\/u\/fotografias\/m\/2024\/3\/4\/f768x1-1560456_1560583_44.png\" alt=\"\"\/><figcaption class=\"wp-element-caption\">Uno de los posteos de la familia&nbsp;<\/figcaption><\/figure>\n\n\n\n<p>Obviamente, las muestras de felicidad de los diferentes integrantes de la numerosa familia no tardaron en aparecer en el mundo virtual. As\u00ed,&nbsp;<strong>Ricardo Montaner<\/strong>&nbsp;indic\u00f3: &#8220;Y el abuelito llorando de amor&#8221;.&nbsp;<strong>Stefi Roitman<\/strong>&nbsp;puso: &#8220;Amaranto te amo, los amo mucho&#8221;. Por \u00faltimo,&nbsp;<strong>Ricky Montaner<\/strong>&nbsp;poste\u00f3: &#8220;Otro motivo para vivir!! Amo ser t\u00edo&#8221;.<\/p>\n\n\n\n<p>Hace unos d\u00edas,\u00a0<strong>Camilo<\/strong>\u00a0y\u00a0<strong>Evaluna Montaner<\/strong>\u00a0confirmaron a trav\u00e9s de un hermoso posteo en sus redes sociales que esperan un segundo beb\u00e9. En abril del 2022 tuvieron a\u00a0<strong>\u00cdndigo<\/strong>, quien ahora ser\u00e1 la hermana mayor de la familia y que particip\u00f3 del anuncio cortando telas junto a su pap\u00e1 en &#8220;El Refugio de \u00cdndigo y Amaranto&#8221;.<\/p>\n\n\n\n<figure class=\"wp-block-image\"><img decoding=\"async\" src=\"https:\/\/www.mdzol.com\/u\/fotografias\/m\/2024\/3\/4\/f768x1-1560457_1560584_14.png\" alt=\"\"\/><figcaption class=\"wp-element-caption\">La noticia se conoci\u00f3 por las redes<\/figcaption><\/figure>\n\n\n\n<p>As\u00ed se conoci\u00f3 el nombre del peque\u00f1o. &#8220;En un vuelo de Madrid a Miami empezamos a imaginarte con nombre y un par de semanas despu\u00e9s supimos que ya nos ven\u00edas acompa\u00f1ando. Qu\u00e9 ilusi\u00f3n nos da conocerte. Tu hermana mayor ya te quiere cuidar. Amaranto, nos sentimos honrados de ser tus pap\u00e1s. Gracias Dios por el privilegio de ser su hogar. Oficialmente los Echeverri-Reglero somos CUATRO&#8221;, cerr\u00f3 el posteo que graficaba de forma plena la felicidad de toda la familia.<\/p>\n","protected":false},"excerpt":{"rendered":"<p>Muchos comentarios de felicidad llegaron tras conocerse la noticia del segundo embarazo de\u00a0Evaluna Montaner. Ella y su marido,\u00a0Camilo Echeverry, anunciaron que le dar\u00e1n un hermanito a\u00a0\u00cdndigo, ya que se vendr\u00e1&hellip; <\/p>\n","protected":false},"author":12,"featured_media":130212,"comment_status":"closed","ping_status":"open","sticky":false,"template":"","format":"standard","meta":{"footnotes":""},"categories":[19],"tags":[],"class_list":["post-130202","post","type-post","status-publish","format-standard","has-post-thumbnail","hentry","category-espectaculos"],"_links":{"self":[{"href":"https:\/\/corrientesdetarde.com\/index.php\/wp-json\/wp\/v2\/posts\/130202","targetHints":{"allow":["GET"]}}],"collection":[{"href":"https:\/\/corrientesdetarde.com\/index.php\/wp-json\/wp\/v2\/posts"}],"about":[{"href":"https:\/\/corrientesdetarde.com\/index.php\/wp-json\/wp\/v2\/types\/post"}],"author":[{"embeddable":true,"href":"https:\/\/corrientesdetarde.com\/index.php\/wp-json\/wp\/v2\/users\/12"}],"replies":[{"embeddable":true,"href":"https:\/\/corrientesdetarde.com\/index.php\/wp-json\/wp\/v2\/comments?post=130202"}],"version-history":[{"count":1,"href":"https:\/\/corrientesdetarde.com\/index.php\/wp-json\/wp\/v2\/posts\/130202\/revisions"}],"predecessor-version":[{"id":130214,"href":"https:\/\/corrientesdetarde.com\/index.php\/wp-json\/wp\/v2\/posts\/130202\/revisions\/130214"}],"wp:featuredmedia":[{"embeddable":true,"href":"https:\/\/corrientesdetarde.com\/index.php\/wp-json\/wp\/v2\/media\/130212"}],"wp:attachment":[{"href":"https:\/\/corrientesdetarde.com\/index.php\/wp-json\/wp\/v2\/media?parent=130202"}],"wp:term":[{"taxonomy":"category","embeddable":true,"href":"https:\/\/corrientesdetarde.com\/index.php\/wp-json\/wp\/v2\/categories?post=130202"},{"taxonomy":"post_tag","embeddable":true,"href":"https:\/\/corrientesdetarde.com\/index.php\/wp-json\/wp\/v2\/tags?post=130202"}],"curies":[{"name":"wp","href":"https:\/\/api.w.org\/{rel}","templated":true}]}}