{"id":130204,"date":"2024-03-05T09:11:17","date_gmt":"2024-03-05T12:11:17","guid":{"rendered":"https:\/\/corrientesdetarde.com\/?p=130204"},"modified":"2024-03-05T09:11:28","modified_gmt":"2024-03-05T12:11:28","slug":"maria-becerra-cerro-vina-del-mar-con-un-look-de-alto-impacto-cuero-con-aberturas-escote-y-brillos","status":"publish","type":"post","link":"https:\/\/corrientesdetarde.com\/index.php\/espectaculos\/maria-becerra-cerro-vina-del-mar-con-un-look-de-alto-impacto-cuero-con-aberturas-escote-y-brillos\/","title":{"rendered":"Mar\u00eda Becerra cerr\u00f3 Vi\u00f1a del Mar con un look de alto impacto: cuero con aberturas, escote y brillos"},"content":{"rendered":"\n<p>Como era de esperarse,\u00a0<strong>Mar\u00eda Becerra<\/strong>se despidi\u00f3 del\u00a0<strong>Festival de Vi\u00f1a del Mar<\/strong>\u00a0con un look de alto impacto plagado de\u00a0<em>glamour<\/em>\u00a0y estilo. Despu\u00e9s de deslumbrar con un\u00a0<strong>equipo full denim<\/strong>\u00a0y un\u00a0<strong>minivestido rojo fuego<\/strong>, la cantante arras\u00f3 con una\u00a0<strong>apuesta en<\/strong><em><strong>\u00a0off white<\/strong><\/em><strong>\u00a0muy audaz<\/strong>\u00a0que fue furor entre sus millones de fans en\u00a0<strong>Chile<\/strong>\u00a0y alrededor del mundo.<\/p>\n\n\n\n<p>La artista se subi\u00f3 al escenario con un canchero conjunto de dos piezas confeccionado en\u00a0<strong>blanco<\/strong>. Se trata de un\u00a0<em><strong>crop top\u00a0<\/strong><\/em><strong>diminuto estilo corpi\u00f1o<\/strong>\u00a0y un\u00a0<strong>pantal\u00f3n de tiro medio que incluye los \u00faltimos gritos de la moda<\/strong>.<\/p>\n\n\n\n<p>Siempre original, Becerra se luci\u00f3 con un&nbsp;<strong>corpi\u00f1o muy escotado con apliques de brillos y tachas<\/strong>. Lo combin\u00f3 con un&nbsp;<strong>pantal\u00f3n de corte recto con algunos recortes y aberturas<\/strong><em><strong>&nbsp;cut out<\/strong><\/em><strong>&nbsp;con tiritas que se entrecruzan&nbsp;<\/strong>en los laterales de la pieza.<\/p>\n\n\n\n<figure class=\"wp-block-image\"><img decoding=\"async\" src=\"https:\/\/tn.com.ar\/resizer\/YzZGhNgmhXngFIDgEEhw1aihpC0=\/767x0\/smart\/filters:format(webp)\/cloudfront-us-east-1.images.arcpublishing.com\/artear\/AZG7AQ7BZVFRHD4WOZ5WSH7IU4.jpg\" alt=\"Mar\u00eda Becerra con look off white. (Foto: Instagram\/@mariabecerra).\"\/><figcaption class=\"wp-element-caption\">Mar\u00eda Becerra con look off white. (Foto: Instagram\/@mariabecerra).<\/figcaption><\/figure>\n\n\n\n<p>Para los accesorios, eligi\u00f3 un par de&nbsp;<strong>guantes tipo mitones de cuero blancos<\/strong>, una cadena met\u00e1lica plateada muy gruesa y aros colgantes al tono.<\/p>\n\n\n\n<figure class=\"wp-block-image\"><img decoding=\"async\" src=\"https:\/\/tn.com.ar\/resizer\/NGsm4STwe25HVol2tWF5EvAEjcQ=\/767x0\/smart\/filters:format(webp)\/cloudfront-us-east-1.images.arcpublishing.com\/artear\/ATQKXBAKCVARLESIXYQXSFQ6TU.jpg\" alt=\"Mar\u00eda Becerra sorprendi\u00f3 con su apuesta. (Foto: Instagram\/@mariabecerra).\"\/><figcaption class=\"wp-element-caption\">Mar\u00eda Becerra sorprendi\u00f3 con su apuesta. (Foto: Instagram\/@mariabecerra).<\/figcaption><\/figure>\n\n\n\n<p>Sin embargo, aquello no fue todo. La artista elev\u00f3 el estilismo con un&nbsp;<em>beauty look<\/em>&nbsp;para el recuerdo, como todos lo que suele lucir en sus shows.<\/p>\n\n\n\n<p>Llev\u00f3 los ojos maquillados con\u00a0<strong>sombras en tonalidades marrones\u00a0<\/strong>para la zona de los p\u00e1rpados que complement\u00f3 con\u00a0<strong>m\u00e1scara de pesta\u00f1as en total\u00a0<\/strong><em><strong>black<\/strong><\/em>. Tanto en el lagrimal como en la zona del delineado y en las cejas, aplic\u00f3 peque\u00f1as\u00a0<strong>pegatinas de\u00a0<\/strong><em><strong>strass<\/strong><\/em>\u00a0e\u00a0<strong>iluminadores plateados con brillos<\/strong>. Sum\u00f3 tambi\u00e9n al\u00a0<em>make up\u00a0<\/em>algo de rubor rosado en las mejillas y un<strong>\u00a0labial color terracota con acabado mate<\/strong>.<\/p>\n\n\n\n<p>En cuanto al&nbsp;<em>hairstyle<\/em>, luci\u00f3 el pelo recogido en un<strong>&nbsp;rodete bajo muy tirante, con mucha gomina, brillos y algunos mechones sueltos&nbsp;<\/strong>a ambos lados de la cara, Tambi\u00e9n se hizo algunas&nbsp;<strong>trencitas XXS<\/strong>.<\/p>\n\n\n\n<figure class=\"wp-block-image\"><img decoding=\"async\" src=\"https:\/\/tn.com.ar\/resizer\/l13tUz1_ULUS_yRFCtS5kZBwIUo=\/767x0\/smart\/filters:format(webp)\/cloudfront-us-east-1.images.arcpublishing.com\/artear\/5WC3W3EX55HEBMREIIOOCPA42M.jpg\" alt=\"El canchero beauty look de Mar\u00eda Becerra. (Foto: Instagram\/@mariabecerra).\"\/><figcaption class=\"wp-element-caption\">El canchero beauty look de Mar\u00eda Becerra. (Foto: Instagram\/@mariabecerra).<\/figcaption><\/figure>\n\n\n\n<p>En el pie de foto de la publicaci\u00f3n, Becerra dej\u00f3 un sentido mensaje para todo su p\u00fablico chileno: \u201c<strong>Reci\u00e9n estoy terminando de procesar todo lo que paso en Vi\u00f1a del Mar<\/strong>. Quiero agradecerle a todo Chile por el amor que me dieron, pas\u00e9 una semana incre\u00edble, tuve el honor de conocer a personas hermosas y tener experiencias muy enriquecedoras\u201d, comenz\u00f3 diciendo.<\/p>\n\n\n\n<p>Luego concluy\u00f3: \u201cGracias a ustedes por darme la oportunidad, por escuchar mi m\u00fasica, por seguir eligi\u00e9ndome. Este fue el ultimo show de mi gira \u201cLa Nena De Argentina\u201d\u2026\u00a0<strong>nuestro pr\u00f3ximo destino es River, donde comienza una nueva era<\/strong>\u201d.<\/p>\n","protected":false},"excerpt":{"rendered":"<p>Como era de esperarse,\u00a0Mar\u00eda Becerrase despidi\u00f3 del\u00a0Festival de Vi\u00f1a del Mar\u00a0con un look de alto impacto plagado de\u00a0glamour\u00a0y estilo. Despu\u00e9s de deslumbrar con un\u00a0equipo full denim\u00a0y un\u00a0minivestido rojo fuego, la&hellip; <\/p>\n","protected":false},"author":12,"featured_media":130208,"comment_status":"closed","ping_status":"open","sticky":false,"template":"","format":"standard","meta":{"footnotes":""},"categories":[19],"tags":[],"class_list":["post-130204","post","type-post","status-publish","format-standard","has-post-thumbnail","hentry","category-espectaculos"],"_links":{"self":[{"href":"https:\/\/corrientesdetarde.com\/index.php\/wp-json\/wp\/v2\/posts\/130204","targetHints":{"allow":["GET"]}}],"collection":[{"href":"https:\/\/corrientesdetarde.com\/index.php\/wp-json\/wp\/v2\/posts"}],"about":[{"href":"https:\/\/corrientesdetarde.com\/index.php\/wp-json\/wp\/v2\/types\/post"}],"author":[{"embeddable":true,"href":"https:\/\/corrientesdetarde.com\/index.php\/wp-json\/wp\/v2\/users\/12"}],"replies":[{"embeddable":true,"href":"https:\/\/corrientesdetarde.com\/index.php\/wp-json\/wp\/v2\/comments?post=130204"}],"version-history":[{"count":1,"href":"https:\/\/corrientesdetarde.com\/index.php\/wp-json\/wp\/v2\/posts\/130204\/revisions"}],"predecessor-version":[{"id":130209,"href":"https:\/\/corrientesdetarde.com\/index.php\/wp-json\/wp\/v2\/posts\/130204\/revisions\/130209"}],"wp:featuredmedia":[{"embeddable":true,"href":"https:\/\/corrientesdetarde.com\/index.php\/wp-json\/wp\/v2\/media\/130208"}],"wp:attachment":[{"href":"https:\/\/corrientesdetarde.com\/index.php\/wp-json\/wp\/v2\/media?parent=130204"}],"wp:term":[{"taxonomy":"category","embeddable":true,"href":"https:\/\/corrientesdetarde.com\/index.php\/wp-json\/wp\/v2\/categories?post=130204"},{"taxonomy":"post_tag","embeddable":true,"href":"https:\/\/corrientesdetarde.com\/index.php\/wp-json\/wp\/v2\/tags?post=130204"}],"curies":[{"name":"wp","href":"https:\/\/api.w.org\/{rel}","templated":true}]}}