{"id":130205,"date":"2024-03-05T08:58:28","date_gmt":"2024-03-05T11:58:28","guid":{"rendered":"https:\/\/corrientesdetarde.com\/?p=130205"},"modified":"2024-03-05T08:58:40","modified_gmt":"2024-03-05T11:58:40","slug":"horror-en-santa-fe-una-mujer-encontro-en-una-plaza-un-cuerpo-desmembrado-adentro-de-una-bolsa","status":"publish","type":"post","link":"https:\/\/corrientesdetarde.com\/index.php\/policiales\/horror-en-santa-fe-una-mujer-encontro-en-una-plaza-un-cuerpo-desmembrado-adentro-de-una-bolsa\/","title":{"rendered":"Horror en Santa Fe: una mujer encontr\u00f3 en una plaza un cuerpo desmembrado adentro de una bolsa"},"content":{"rendered":"\n<p>Una mujer caminaba por la plaza de su barrio cuando sinti\u00f3 un olor extra\u00f1o y al acercarse se\u00a0<strong>encontr\u00f3 con una bolsa que conten\u00eda un\u00a0cuerpo desmembrado\u00a0en su interior.\u00a0<\/strong>Tras el hallazgo alert\u00f3 a la Polic\u00eda que en las \u00faltimas horas\u00a0detuvo\u00a0a una mujer de 38 a\u00f1os.<\/p>\n\n\n\n<p>El terror\u00edfico hecho ocurri\u00f3 en el mediod\u00eda de este domingo en la Plaza Escalante de la ciudad de\u00a0Santa Fe, en inmediaciones del cruce de las calles Mart\u00edn Zapata y 9 de Julio.<\/p>\n\n\n\n<p>Fue all\u00ed donde una vecina<strong>&nbsp;encontr\u00f3 dentro de una bolsa una pierna humana con el calzado colocado<\/strong>&nbsp;y de la cual desprend\u00eda un olor nauseabundo. Enseguida alert\u00f3 al 911 y poco despu\u00e9s llegaron al lugar oficiales y suboficiales de la Estaci\u00f3n Centro. Mientras comenzaban con las tareas de preservaci\u00f3n de la zona, informaron a la Jefatura de la Unidad Regional I La Capital, seg\u00fan precis\u00f3 el<em>&nbsp;diario Uno.<\/em><\/p>\n\n\n\n<p>Poco despu\u00e9s, la fiscal de Homicidios del Ministerio P\u00fablico de la Acusaci\u00f3n (MPA), Ana Laura Gioria, orden\u00f3 una serie de medidas y logr\u00f3 identificar a la v\u00edctima como&nbsp;<strong>Omar Pogliani, de 70 a\u00f1os.&nbsp;<\/strong>Tras ello, en la madrugada del lunes se dirigi\u00f3 hacia su vivienda, ubicada sobre calle 1\u00b0 de Mayo al 4700 del barrio Fomento 9 de Julio, donde se cree que fue asesinado.<\/p>\n\n\n\n<figure class=\"wp-block-image\"><img decoding=\"async\" src=\"https:\/\/tn.com.ar\/resizer\/iuuHwKRlF2ytece4_MXGCh6V4ro=\/767x0\/smart\/filters:format(webp)\/cloudfront-us-east-1.images.arcpublishing.com\/artear\/ZFOS4EEZ2BGNBCL45SU6OEF2PI.PNG\" alt=\"El cuerpo fue encontrado en una plaza. (Foto. gentileza El Litoral)\"\/><figcaption class=\"wp-element-caption\">El cuerpo fue encontrado en una plaza. (Foto. gentileza El Litoral)<\/figcaption><\/figure>\n\n\n\n<p>All\u00ed realizaron de una inspecci\u00f3n ocular y&nbsp;<strong>secuestraron restos humanos calcinados en el patio,<\/strong>&nbsp;que en principio y conforme al tipo de vestimenta, coincidir\u00eda con los restos hallados en la Plaza Escalante.<\/p>\n\n\n\n<p>En ese contexto&nbsp;<strong>detuvieron a una mujer de 38 a\u00f1os<\/strong>, quien, de acuerdo a los primeros datos establecidos,&nbsp;<strong>conviv\u00eda con el hombre<\/strong>. Qued\u00f3 imputada por el&nbsp;<strong>delito de homicidio calificado por el v\u00ednculo.<\/strong><\/p>\n\n\n\n<p>Los vecinos declararon a la Polic\u00eda que no ve\u00edan a Pogliani desde el 29 de febrero. Otros, adem\u00e1s, se\u00f1alaron que ese mismo d\u00eda escucharon una pelea entre un hombre y una mujer durante la madrugada y que el viernes 1 de marzo por la ma\u00f1ana la sospechosa<strong>\u00a0sali\u00f3 de la vivienda con bolsos.<\/strong>\u00a0\u201cNos salud\u00f3 como si nada\u201d, destacaron.<\/p>\n\n\n\n<p>Los d\u00edas siguientes, los vecinos contaron que sintieron olor a \u201ccarne quemada\u201d. \u201cEn un grupo de WhatsApp que tenemos del barrio lleg\u00f3 el mensaje de que una vecina hab\u00eda encontrado restos humanos en la plaza. Yo justo hab\u00eda salido a hacer unas compras y pas\u00e9 por el lugar, par\u00e9 y una polic\u00eda me llam\u00f3 y me pidi\u00f3 ser testigo junto a otra chica. Nos tomaron los datos y al llegar los bomberos junto a peritos para constatar lo que hab\u00eda dentro de las bolsas lo que pudimos ver eran dos piernas ya cortadas, es decir&nbsp;<strong>un cuerpo descuartizado<\/strong>\u201d, precis\u00f3 un vecino al mencionado medio.<\/p>\n\n\n\n<p>\u201cEn una segunda bolsa se pudo ver un elemento circular que era la cabeza y otra bolsa m\u00e1s grande, que parec\u00eda contener lo que podr\u00eda haber sido un torso. Finalmente, no fue abierta por los polic\u00edas, ya que la fiscal hab\u00eda solicitado que se carguen las bolsas tal cual estaban en la morguera para llevarlas y terminar el trabajo de los especialistas en la morgue y que no se pierda ning\u00fan otro tipo de prueba\u201d, agreg\u00f3.<\/p>\n\n\n\n<p>El hombre, adem\u00e1s, detall\u00f3:<strong>&nbsp;\u201cEn el lugar hab\u00eda mucho olor y lo llamativo es que dejaron todo a la vista,&nbsp;<\/strong>ya que a dos metros de donde estaban hay un puente peatonal en el espacio verde y si uno piensa en querer esconder lo podr\u00edan haber puesto debajo de la estructura, pero dejaron el bulto a la vista\u201d.<\/p>\n","protected":false},"excerpt":{"rendered":"<p>Una mujer caminaba por la plaza de su barrio cuando sinti\u00f3 un olor extra\u00f1o y al acercarse se\u00a0encontr\u00f3 con una bolsa que conten\u00eda un\u00a0cuerpo desmembrado\u00a0en su interior.\u00a0Tras el hallazgo alert\u00f3&hellip; <\/p>\n","protected":false},"author":12,"featured_media":130206,"comment_status":"closed","ping_status":"open","sticky":false,"template":"","format":"standard","meta":{"footnotes":""},"categories":[33],"tags":[],"class_list":["post-130205","post","type-post","status-publish","format-standard","has-post-thumbnail","hentry","category-policiales"],"_links":{"self":[{"href":"https:\/\/corrientesdetarde.com\/index.php\/wp-json\/wp\/v2\/posts\/130205","targetHints":{"allow":["GET"]}}],"collection":[{"href":"https:\/\/corrientesdetarde.com\/index.php\/wp-json\/wp\/v2\/posts"}],"about":[{"href":"https:\/\/corrientesdetarde.com\/index.php\/wp-json\/wp\/v2\/types\/post"}],"author":[{"embeddable":true,"href":"https:\/\/corrientesdetarde.com\/index.php\/wp-json\/wp\/v2\/users\/12"}],"replies":[{"embeddable":true,"href":"https:\/\/corrientesdetarde.com\/index.php\/wp-json\/wp\/v2\/comments?post=130205"}],"version-history":[{"count":1,"href":"https:\/\/corrientesdetarde.com\/index.php\/wp-json\/wp\/v2\/posts\/130205\/revisions"}],"predecessor-version":[{"id":130207,"href":"https:\/\/corrientesdetarde.com\/index.php\/wp-json\/wp\/v2\/posts\/130205\/revisions\/130207"}],"wp:featuredmedia":[{"embeddable":true,"href":"https:\/\/corrientesdetarde.com\/index.php\/wp-json\/wp\/v2\/media\/130206"}],"wp:attachment":[{"href":"https:\/\/corrientesdetarde.com\/index.php\/wp-json\/wp\/v2\/media?parent=130205"}],"wp:term":[{"taxonomy":"category","embeddable":true,"href":"https:\/\/corrientesdetarde.com\/index.php\/wp-json\/wp\/v2\/categories?post=130205"},{"taxonomy":"post_tag","embeddable":true,"href":"https:\/\/corrientesdetarde.com\/index.php\/wp-json\/wp\/v2\/tags?post=130205"}],"curies":[{"name":"wp","href":"https:\/\/api.w.org\/{rel}","templated":true}]}}