{"id":130220,"date":"2024-03-05T09:59:22","date_gmt":"2024-03-05T12:59:22","guid":{"rendered":"https:\/\/corrientesdetarde.com\/?p=130220"},"modified":"2024-03-05T09:59:29","modified_gmt":"2024-03-05T12:59:29","slug":"asistencia-tras-el-temporal-el-gobierno-provincial-entrego-3600-viandas-y-brindo-atencion-medica-a-evacuados","status":"publish","type":"post","link":"https:\/\/corrientesdetarde.com\/index.php\/destacados\/asistencia-tras-el-temporal-el-gobierno-provincial-entrego-3600-viandas-y-brindo-atencion-medica-a-evacuados\/","title":{"rendered":"Asistencia tras el temporal: el Gobierno provincial entreg\u00f3 3600 viandas y brind\u00f3 atenci\u00f3n m\u00e9dica a evacuados"},"content":{"rendered":"\n<p>La Provincia, a trav\u00e9s de sus distintas \u00e1reas contin\u00faa abocada a la asistencia permanente de las personas afectadas por el temporal desatado el pasado domingo, a trav\u00e9s de la entrega de alimentos, vestimenta y la atenci\u00f3n sanitaria brindada, entre otros. Hasta este lunes, estaban registrados 996 personas evacuadas.<\/p>\n\n\n\n<p>En total, se entregaron 3600 viandas (almuerzo y cenas) aportadas por la empresa Shonko S.A., que fueron distribuidas en la Escuela N\u00b034 de las Mil Viviendas y N\u00b0 275 de Laguna Seca, los Centros de Promoci\u00f3n Comunitaria (CPC) de los barrios Paloma de la Paz y San Jorge.<\/p>\n\n\n\n<p>Adem\u00e1s, en 160 comedores oficiales de Capital se sirvieron desayunos, meriendas, &nbsp;22.295 raciones de almuerzos y 19.526 de refrigerios.<\/p>\n\n\n\n<p>En las dos escuelas habilitadas como centro de evacuados: la N\u00b034 y la N\u00b0275 se asistieron a m\u00e1s de 700 personas y se brind\u00f3 acompa\u00f1amiento, contenci\u00f3n y asistencia a las mismas, con&nbsp;&nbsp;la entrega de muda de ropa, y alimentaci\u00f3n.<\/p>\n\n\n\n<p>Por otra parte, en este contexto, el equipo de Salud mantuvo la atenci\u00f3n y monitoreo&nbsp;sanitario a las personas afectas por el temporal. Tambi\u00e9n se asisti\u00f3 con elementos de higiene, limpieza, repelentes y agua mineral a los mismos damnificados.<\/p>\n\n\n\n<p>Asimismo, cabe remarcar que a la fecha, la Escuela N\u00ba 34 de Las Mil Viviendas ya ha sido deshabitada como centro de evacuados, debido a que las familias albergadas ya se encontraron en la tarde de ayer en condiciones de volver a sus hogares.<\/p>\n\n\n\n<p>Por otra parte, tambi\u00e9n se destinaron 100 colchones y 1mil m\u00f3dulos alimentarios para afectados en distintos barrios.<\/p>\n\n\n\n<p><strong>Equipo de trabajo<\/strong><\/p>\n\n\n\n<p>Un total de 1970 personas est\u00e1n trabajando articuladamente desde las \u00e1reas de Polic\u00eda de Corrientes, Servicio Penitenciario, Municipalidad&nbsp;&nbsp;de Corrientes, Defensa Civil, Comando Operativo de Emergencia, Salud P\u00fablica, Desarrollo Social, Direcci\u00f3n Provincial de Vialidad y Educaci\u00f3n.<\/p>\n\n\n\n<p>Hasta el momento se han registrado 330 mil\u00edmetros de agua ca\u00eddos.<\/p>\n\n\n\n<figure class=\"wp-block-gallery has-nested-images columns-default is-cropped wp-block-gallery-1 is-layout-flex wp-block-gallery-is-layout-flex\">\n<figure class=\"wp-block-image size-large\"><img loading=\"lazy\" decoding=\"async\" width=\"1024\" height=\"768\" data-id=\"130222\" src=\"https:\/\/corrientesdetarde.com\/wp-content\/uploads\/2024\/03\/imagen-64629-1024x768.jpg\" alt=\"\" class=\"wp-image-130222\" srcset=\"https:\/\/corrientesdetarde.com\/wp-content\/uploads\/2024\/03\/imagen-64629-1024x768.jpg 1024w, https:\/\/corrientesdetarde.com\/wp-content\/uploads\/2024\/03\/imagen-64629-300x225.jpg 300w, https:\/\/corrientesdetarde.com\/wp-content\/uploads\/2024\/03\/imagen-64629-768x576.jpg 768w, https:\/\/corrientesdetarde.com\/wp-content\/uploads\/2024\/03\/imagen-64629.jpg 1280w\" sizes=\"auto, (max-width: 1024px) 100vw, 1024px\" \/><\/figure>\n\n\n\n<figure class=\"wp-block-image size-large\"><img loading=\"lazy\" decoding=\"async\" width=\"1024\" height=\"768\" data-id=\"130223\" src=\"https:\/\/corrientesdetarde.com\/wp-content\/uploads\/2024\/03\/imagen-64628-1024x768.jpg\" alt=\"\" class=\"wp-image-130223\" srcset=\"https:\/\/corrientesdetarde.com\/wp-content\/uploads\/2024\/03\/imagen-64628-1024x768.jpg 1024w, https:\/\/corrientesdetarde.com\/wp-content\/uploads\/2024\/03\/imagen-64628-300x225.jpg 300w, https:\/\/corrientesdetarde.com\/wp-content\/uploads\/2024\/03\/imagen-64628-768x576.jpg 768w, https:\/\/corrientesdetarde.com\/wp-content\/uploads\/2024\/03\/imagen-64628.jpg 1280w\" sizes=\"auto, (max-width: 1024px) 100vw, 1024px\" \/><\/figure>\n\n\n\n<figure class=\"wp-block-image size-large\"><img loading=\"lazy\" decoding=\"async\" width=\"1024\" height=\"768\" data-id=\"130224\" src=\"https:\/\/corrientesdetarde.com\/wp-content\/uploads\/2024\/03\/imagen-64627-1024x768.jpg\" alt=\"\" class=\"wp-image-130224\" srcset=\"https:\/\/corrientesdetarde.com\/wp-content\/uploads\/2024\/03\/imagen-64627-1024x768.jpg 1024w, https:\/\/corrientesdetarde.com\/wp-content\/uploads\/2024\/03\/imagen-64627-300x225.jpg 300w, https:\/\/corrientesdetarde.com\/wp-content\/uploads\/2024\/03\/imagen-64627-768x576.jpg 768w, https:\/\/corrientesdetarde.com\/wp-content\/uploads\/2024\/03\/imagen-64627.jpg 1280w\" sizes=\"auto, (max-width: 1024px) 100vw, 1024px\" \/><\/figure>\n\n\n\n<figure class=\"wp-block-image size-large\"><img loading=\"lazy\" decoding=\"async\" width=\"1024\" height=\"768\" data-id=\"130221\" src=\"https:\/\/corrientesdetarde.com\/wp-content\/uploads\/2024\/03\/imagen-64626-1024x768.jpg\" alt=\"\" class=\"wp-image-130221\" srcset=\"https:\/\/corrientesdetarde.com\/wp-content\/uploads\/2024\/03\/imagen-64626-1024x768.jpg 1024w, https:\/\/corrientesdetarde.com\/wp-content\/uploads\/2024\/03\/imagen-64626-300x225.jpg 300w, https:\/\/corrientesdetarde.com\/wp-content\/uploads\/2024\/03\/imagen-64626-768x576.jpg 768w, https:\/\/corrientesdetarde.com\/wp-content\/uploads\/2024\/03\/imagen-64626.jpg 1280w\" sizes=\"auto, (max-width: 1024px) 100vw, 1024px\" \/><\/figure>\n\n\n\n<figure class=\"wp-block-image size-large\"><img loading=\"lazy\" decoding=\"async\" width=\"1024\" height=\"768\" data-id=\"130225\" src=\"https:\/\/corrientesdetarde.com\/wp-content\/uploads\/2024\/03\/imagen-64625-1024x768.jpg\" alt=\"\" class=\"wp-image-130225\" srcset=\"https:\/\/corrientesdetarde.com\/wp-content\/uploads\/2024\/03\/imagen-64625-1024x768.jpg 1024w, https:\/\/corrientesdetarde.com\/wp-content\/uploads\/2024\/03\/imagen-64625-300x225.jpg 300w, https:\/\/corrientesdetarde.com\/wp-content\/uploads\/2024\/03\/imagen-64625-768x576.jpg 768w, https:\/\/corrientesdetarde.com\/wp-content\/uploads\/2024\/03\/imagen-64625.jpg 1280w\" sizes=\"auto, (max-width: 1024px) 100vw, 1024px\" \/><\/figure>\n<\/figure>\n","protected":false},"excerpt":{"rendered":"<p>La Provincia, a trav\u00e9s de sus distintas \u00e1reas contin\u00faa abocada a la asistencia permanente de las personas afectadas por el temporal desatado el pasado domingo, a trav\u00e9s de la entrega&hellip; <\/p>\n","protected":false},"author":12,"featured_media":130226,"comment_status":"closed","ping_status":"open","sticky":false,"template":"","format":"standard","meta":{"footnotes":""},"categories":[26],"tags":[],"class_list":["post-130220","post","type-post","status-publish","format-standard","has-post-thumbnail","hentry","category-destacados"],"_links":{"self":[{"href":"https:\/\/corrientesdetarde.com\/index.php\/wp-json\/wp\/v2\/posts\/130220","targetHints":{"allow":["GET"]}}],"collection":[{"href":"https:\/\/corrientesdetarde.com\/index.php\/wp-json\/wp\/v2\/posts"}],"about":[{"href":"https:\/\/corrientesdetarde.com\/index.php\/wp-json\/wp\/v2\/types\/post"}],"author":[{"embeddable":true,"href":"https:\/\/corrientesdetarde.com\/index.php\/wp-json\/wp\/v2\/users\/12"}],"replies":[{"embeddable":true,"href":"https:\/\/corrientesdetarde.com\/index.php\/wp-json\/wp\/v2\/comments?post=130220"}],"version-history":[{"count":1,"href":"https:\/\/corrientesdetarde.com\/index.php\/wp-json\/wp\/v2\/posts\/130220\/revisions"}],"predecessor-version":[{"id":130227,"href":"https:\/\/corrientesdetarde.com\/index.php\/wp-json\/wp\/v2\/posts\/130220\/revisions\/130227"}],"wp:featuredmedia":[{"embeddable":true,"href":"https:\/\/corrientesdetarde.com\/index.php\/wp-json\/wp\/v2\/media\/130226"}],"wp:attachment":[{"href":"https:\/\/corrientesdetarde.com\/index.php\/wp-json\/wp\/v2\/media?parent=130220"}],"wp:term":[{"taxonomy":"category","embeddable":true,"href":"https:\/\/corrientesdetarde.com\/index.php\/wp-json\/wp\/v2\/categories?post=130220"},{"taxonomy":"post_tag","embeddable":true,"href":"https:\/\/corrientesdetarde.com\/index.php\/wp-json\/wp\/v2\/tags?post=130220"}],"curies":[{"name":"wp","href":"https:\/\/api.w.org\/{rel}","templated":true}]}}