{"id":130228,"date":"2024-03-05T10:09:41","date_gmt":"2024-03-05T13:09:41","guid":{"rendered":"https:\/\/corrientesdetarde.com\/?p=130228"},"modified":"2024-03-05T10:09:52","modified_gmt":"2024-03-05T13:09:52","slug":"las-lineas-101-y-110-vuelven-a-circular","status":"publish","type":"post","link":"https:\/\/corrientesdetarde.com\/index.php\/locales\/las-lineas-101-y-110-vuelven-a-circular\/","title":{"rendered":"LAS L\u00cdNEAS 101 Y 110 VUELVEN A CIRCULAR"},"content":{"rendered":"\n<p>En la capital de Corrientes, el servicio de colectivos de las l\u00edneas 101 y 110, operado por la empresa Miramar, ha reanudado sus operaciones. Esta decisi\u00f3n fue tomada tras una reuni\u00f3n interna entre los choferes de la empresa, en respuesta a la dif\u00edcil situaci\u00f3n que est\u00e1 atravesando la ciudad debido a las recientes inundaciones.<\/p>\n\n\n\n<p>Las mencionadas l\u00edneas decidieron salir a las calles y reanudar el servicio, a pesar de las consecuencias que a\u00fan se sienten en muchos barrios de la ciudad a causa del temporal del pasado domingo.<\/p>\n\n\n\n<p>Adem\u00e1s, se han reanudado algunos servicios de colectivos hacia el interior de la provincia. La empresa Silvia ha confirmado que su servicio de&nbsp;Corrientes&nbsp;a&nbsp;Goya&nbsp;est\u00e1 operando con normalidad, y la empresa R\u00e1pido Bus est\u00e1 llevando a cabo su servicio desde la capital hacia&nbsp;Ca\u00e1 Cat\u00ed. Ambas l\u00edneas de media distancia estaban incluidas en la huelga nacional convocada recientemente.<\/p>\n","protected":false},"excerpt":{"rendered":"<p>En la capital de Corrientes, el servicio de colectivos de las l\u00edneas 101 y 110, operado por la empresa Miramar, ha reanudado sus operaciones. Esta decisi\u00f3n fue tomada tras una&hellip; <\/p>\n","protected":false},"author":12,"featured_media":130231,"comment_status":"closed","ping_status":"open","sticky":false,"template":"","format":"standard","meta":{"footnotes":""},"categories":[8],"tags":[],"class_list":["post-130228","post","type-post","status-publish","format-standard","has-post-thumbnail","hentry","category-locales"],"_links":{"self":[{"href":"https:\/\/corrientesdetarde.com\/index.php\/wp-json\/wp\/v2\/posts\/130228","targetHints":{"allow":["GET"]}}],"collection":[{"href":"https:\/\/corrientesdetarde.com\/index.php\/wp-json\/wp\/v2\/posts"}],"about":[{"href":"https:\/\/corrientesdetarde.com\/index.php\/wp-json\/wp\/v2\/types\/post"}],"author":[{"embeddable":true,"href":"https:\/\/corrientesdetarde.com\/index.php\/wp-json\/wp\/v2\/users\/12"}],"replies":[{"embeddable":true,"href":"https:\/\/corrientesdetarde.com\/index.php\/wp-json\/wp\/v2\/comments?post=130228"}],"version-history":[{"count":1,"href":"https:\/\/corrientesdetarde.com\/index.php\/wp-json\/wp\/v2\/posts\/130228\/revisions"}],"predecessor-version":[{"id":130232,"href":"https:\/\/corrientesdetarde.com\/index.php\/wp-json\/wp\/v2\/posts\/130228\/revisions\/130232"}],"wp:featuredmedia":[{"embeddable":true,"href":"https:\/\/corrientesdetarde.com\/index.php\/wp-json\/wp\/v2\/media\/130231"}],"wp:attachment":[{"href":"https:\/\/corrientesdetarde.com\/index.php\/wp-json\/wp\/v2\/media?parent=130228"}],"wp:term":[{"taxonomy":"category","embeddable":true,"href":"https:\/\/corrientesdetarde.com\/index.php\/wp-json\/wp\/v2\/categories?post=130228"},{"taxonomy":"post_tag","embeddable":true,"href":"https:\/\/corrientesdetarde.com\/index.php\/wp-json\/wp\/v2\/tags?post=130228"}],"curies":[{"name":"wp","href":"https:\/\/api.w.org\/{rel}","templated":true}]}}