{"id":130230,"date":"2024-03-05T10:13:08","date_gmt":"2024-03-05T13:13:08","guid":{"rendered":"https:\/\/corrientesdetarde.com\/?p=130230"},"modified":"2024-03-05T10:13:20","modified_gmt":"2024-03-05T13:13:20","slug":"san-lorenzo-girazoles-adelanto-los-temas-del-concejo-deliberante","status":"publish","type":"post","link":"https:\/\/corrientesdetarde.com\/index.php\/interior\/san-lorenzo-girazoles-adelanto-los-temas-del-concejo-deliberante\/","title":{"rendered":"SAN LORENZO: GIRAZOLES ADELANT\u00d3 LOS TEMAS DEL CONCEJO DELIBERANTE"},"content":{"rendered":"\n<p>El&nbsp; viceintendente de San Lorenzo profesor Cristian Girazoles dijo a Cadena de Radios que en la apertura de Sesiones Ordinarias en el que se dio a conocer el Balance del 2023. &#8220;En lo personal fue muy positivo en cuanto a lo realizado desde el Concejo Deliberante, sin olvidarnos de la cat\u00e1strofe vivida el 29 de diciembre donde junto al Gobierno provincial pudimos dar soluciones a m\u00e1s de 35 familias afectadas en el menor tiempo posible. El tema no es el momento de la lluvia sino el despu\u00e9s&#8221;, record\u00f3.<\/p>\n\n\n\n<p>Adelant\u00f3 que hay varios proyectos en el Honorable Concejo Deliberante. &#8220;Es fundamental en Tr\u00e1nsito que trabajemos en reordenar. Para poder instrumentar los sentidos de las calles, nombrar calles nuevas que se abrieron y que sean de connotaci\u00f3n propia del pueblo para reconocer esa gente que dio mucho por nuestra sociedad&#8221;, dijo.<\/p>\n\n\n\n<p>Adem\u00e1s se refiri\u00f3 al inicio de las actividades de la escuelita Los Profes, que adem\u00e1s van a recibir a ni\u00f1as para F\u00fatbol femenino.<\/p>\n\n\n\n<p>&#8220;Ya tenemos m\u00e1s de 60 inscriptos desde hace 4 a\u00f1os&#8221;, cont\u00f3 Girazoles.<\/p>\n","protected":false},"excerpt":{"rendered":"<p>El&nbsp; viceintendente de San Lorenzo profesor Cristian Girazoles dijo a Cadena de Radios que en la apertura de Sesiones Ordinarias en el que se dio a conocer el Balance del&hellip; <\/p>\n","protected":false},"author":12,"featured_media":130234,"comment_status":"closed","ping_status":"open","sticky":false,"template":"","format":"standard","meta":{"footnotes":""},"categories":[1658],"tags":[],"class_list":["post-130230","post","type-post","status-publish","format-standard","has-post-thumbnail","hentry","category-interior"],"_links":{"self":[{"href":"https:\/\/corrientesdetarde.com\/index.php\/wp-json\/wp\/v2\/posts\/130230","targetHints":{"allow":["GET"]}}],"collection":[{"href":"https:\/\/corrientesdetarde.com\/index.php\/wp-json\/wp\/v2\/posts"}],"about":[{"href":"https:\/\/corrientesdetarde.com\/index.php\/wp-json\/wp\/v2\/types\/post"}],"author":[{"embeddable":true,"href":"https:\/\/corrientesdetarde.com\/index.php\/wp-json\/wp\/v2\/users\/12"}],"replies":[{"embeddable":true,"href":"https:\/\/corrientesdetarde.com\/index.php\/wp-json\/wp\/v2\/comments?post=130230"}],"version-history":[{"count":1,"href":"https:\/\/corrientesdetarde.com\/index.php\/wp-json\/wp\/v2\/posts\/130230\/revisions"}],"predecessor-version":[{"id":130235,"href":"https:\/\/corrientesdetarde.com\/index.php\/wp-json\/wp\/v2\/posts\/130230\/revisions\/130235"}],"wp:featuredmedia":[{"embeddable":true,"href":"https:\/\/corrientesdetarde.com\/index.php\/wp-json\/wp\/v2\/media\/130234"}],"wp:attachment":[{"href":"https:\/\/corrientesdetarde.com\/index.php\/wp-json\/wp\/v2\/media?parent=130230"}],"wp:term":[{"taxonomy":"category","embeddable":true,"href":"https:\/\/corrientesdetarde.com\/index.php\/wp-json\/wp\/v2\/categories?post=130230"},{"taxonomy":"post_tag","embeddable":true,"href":"https:\/\/corrientesdetarde.com\/index.php\/wp-json\/wp\/v2\/tags?post=130230"}],"curies":[{"name":"wp","href":"https:\/\/api.w.org\/{rel}","templated":true}]}}