{"id":130236,"date":"2024-03-05T10:35:25","date_gmt":"2024-03-05T13:35:25","guid":{"rendered":"https:\/\/corrientesdetarde.com\/?p=130236"},"modified":"2024-03-05T10:36:26","modified_gmt":"2024-03-05T13:36:26","slug":"curuz-cuatio-busqueda-de-guadalupe-esta-desaparecida-desde-el-viernes","status":"publish","type":"post","link":"https:\/\/corrientesdetarde.com\/index.php\/sociales\/curuz-cuatio-busqueda-de-guadalupe-esta-desaparecida-desde-el-viernes\/","title":{"rendered":"CURUZ\u00da CUATI\u00c1: B\u00daSQUEDA DE GUADALUPE EST\u00c1 DESAPARECIDA DESDE EL VIERNES"},"content":{"rendered":"\n<p>La comunidad se encuentra en alerta por la desaparici\u00f3n de Guadalupe Emilce Sosa, una adolescente curuzucuate\u00f1a de 17 a\u00f1os. Su familia est\u00e1 viviendo momentos desesperantes, ya que desconocen las razones de su partida y su paradero actual.&nbsp;Guadalupe&nbsp;sali\u00f3 de su hogar y nadie m\u00e1s la ha visto desde entonces.<\/p>\n\n\n\n<p>Al momento de su desaparici\u00f3n, vest\u00eda un&nbsp;<strong>pantal\u00f3n corto azul, una remera del mismo color y llevaba consigo una mochila<\/strong>. Se sabe que se llev\u00f3 su celular, documentos y algo de ropa.<\/p>\n\n\n\n<p>Las sospechas indican que Guadalupe podr\u00eda haber viajado a la ciudad de&nbsp;Corrientes, seg\u00fan algunos indicios proporcionados por amigos cercanos.<\/p>\n\n\n\n<p>Por esta raz\u00f3n, se ha difundido su fotograf\u00eda con el objetivo de que cualquier persona que la reconozca pueda brindar informaci\u00f3n a la polic\u00eda de manera inmediata.<\/p>\n","protected":false},"excerpt":{"rendered":"<p>La comunidad se encuentra en alerta por la desaparici\u00f3n de Guadalupe Emilce Sosa, una adolescente curuzucuate\u00f1a de 17 a\u00f1os. Su familia est\u00e1 viviendo momentos desesperantes, ya que desconocen las razones&hellip; <\/p>\n","protected":false},"author":12,"featured_media":130246,"comment_status":"closed","ping_status":"open","sticky":false,"template":"","format":"standard","meta":{"footnotes":""},"categories":[1658,17],"tags":[],"class_list":["post-130236","post","type-post","status-publish","format-standard","has-post-thumbnail","hentry","category-interior","category-sociales"],"_links":{"self":[{"href":"https:\/\/corrientesdetarde.com\/index.php\/wp-json\/wp\/v2\/posts\/130236","targetHints":{"allow":["GET"]}}],"collection":[{"href":"https:\/\/corrientesdetarde.com\/index.php\/wp-json\/wp\/v2\/posts"}],"about":[{"href":"https:\/\/corrientesdetarde.com\/index.php\/wp-json\/wp\/v2\/types\/post"}],"author":[{"embeddable":true,"href":"https:\/\/corrientesdetarde.com\/index.php\/wp-json\/wp\/v2\/users\/12"}],"replies":[{"embeddable":true,"href":"https:\/\/corrientesdetarde.com\/index.php\/wp-json\/wp\/v2\/comments?post=130236"}],"version-history":[{"count":2,"href":"https:\/\/corrientesdetarde.com\/index.php\/wp-json\/wp\/v2\/posts\/130236\/revisions"}],"predecessor-version":[{"id":130249,"href":"https:\/\/corrientesdetarde.com\/index.php\/wp-json\/wp\/v2\/posts\/130236\/revisions\/130249"}],"wp:featuredmedia":[{"embeddable":true,"href":"https:\/\/corrientesdetarde.com\/index.php\/wp-json\/wp\/v2\/media\/130246"}],"wp:attachment":[{"href":"https:\/\/corrientesdetarde.com\/index.php\/wp-json\/wp\/v2\/media?parent=130236"}],"wp:term":[{"taxonomy":"category","embeddable":true,"href":"https:\/\/corrientesdetarde.com\/index.php\/wp-json\/wp\/v2\/categories?post=130236"},{"taxonomy":"post_tag","embeddable":true,"href":"https:\/\/corrientesdetarde.com\/index.php\/wp-json\/wp\/v2\/tags?post=130236"}],"curies":[{"name":"wp","href":"https:\/\/api.w.org\/{rel}","templated":true}]}}