{"id":130237,"date":"2024-03-05T10:45:06","date_gmt":"2024-03-05T13:45:06","guid":{"rendered":"https:\/\/corrientesdetarde.com\/?p=130237"},"modified":"2024-03-05T10:45:11","modified_gmt":"2024-03-05T13:45:11","slug":"la-facultad-de-ciencias-economicas-realiza-ambientacion-en-sus-extensiones-aulicas","status":"publish","type":"post","link":"https:\/\/corrientesdetarde.com\/index.php\/informacion-general\/la-facultad-de-ciencias-economicas-realiza-ambientacion-en-sus-extensiones-aulicas\/","title":{"rendered":"LA FACULTAD DE CIENCIAS ECON\u00d3MICAS REALIZA AMBIENTACI\u00d3N EN SUS EXTENSIONES \u00c1ULICAS"},"content":{"rendered":"\n<p>Entre este martes 5 y el viernes 8 de marzo, las autoridades de la Facultad de Ciencias Econ\u00f3micas de la Universidad Nacional del Nordeste encabezar\u00e1n jornadas previstas por el Programa de Ambientaci\u00f3n Universitaria en las extensiones \u00e1ulicas.<\/p>\n\n\n\n<p>Las actividades estar\u00e1n a cargo de la decana licenciada Moira Carri\u00f3, acompa\u00f1ada por los secretarios de Asuntos Estudiantiles contador Santiago Merino, de Extensi\u00f3n licenciado Federico Martos, y de Planificaci\u00f3n y Gesti\u00f3n Institucional Hern\u00e1n Romero; y la coordinadora de extensiones \u00e1ulicas contadora Cristina Molnar. Las jornadas se realizar\u00e1n en Bella Vista; ciudad de Corrientes; Santo Tom\u00e9; Paso de los Libres, y Monte Caseros.<\/p>\n\n\n\n<figure class=\"wp-block-image\"><img decoding=\"async\" src=\"https:\/\/www.diarioellibertador.com.ar\/wp-content\/uploads\/2024\/03\/WhatsApp-Image-2024-03-04-at-13.42.40-jpeg.webp\" alt=\"\"\/><\/figure>\n\n\n\n<p>Bella Vista<br>La actividad en el marco del Programa de Ambientaci\u00f3n Universitaria, se desarrollar\u00e1 el martes 5, entre las 10 y las 14, en la Casa de la Cultura Pedro Mendoza, en la peatonal de la calle Salta. En la ciudad se dicta la carrera Licenciatura en Administraci\u00f3n.<\/p>\n\n\n\n<p>Ciudad de Corrientes<br>La ambientaci\u00f3n ser\u00e1 el martes 6, entre las 9 y las 16, en la sede de la Licenciatura en Relaciones Laborales, por calle Sargento Cabral 2001. En la ciudad se dicta la carrera Licenciatura en Relaciones Laborales.<\/p>\n\n\n\n<p>Santo Tom\u00e9<br>La jornada se realizar\u00e1 el jueves 7, entre las 8 y las 11, en la extensi\u00f3n \u00e1ulica de la UNNE, ubicada por calle \u00c1ngel Blanco 851. En la ciudad se dicta la carrera Licenciatura en Administraci\u00f3n.<\/p>\n\n\n\n<p>Paso de los Libres<br>Tambi\u00e9n el jueves 7, entre las 17 y las 20, la jornada ser\u00e1 en la sede de la Licenciatura en Comercio Exterior de la UNNE, en calle Madariaga 1.350, segundo bloque. En la ciudad se dicta la carrera Licenciatura en Comercio Exterior.<\/p>\n\n\n\n<p>Monte Caseros<br>La actividad se realizar\u00e1 el viernes 8, entre las 9 y las 12, en el Centro Regional de Educaci\u00f3n Superior Universitario, ubicado en Avenida Eva Per\u00f3n 1.199. En la ciudad se dicta la carrera Licenciatura en Administraci\u00f3n.<\/p>\n\n\n\n<p>El programa, que es coordinado y ejecutado por la Secretar\u00eda de Asuntos Estudiantiles de la Facultad, se desarroll\u00f3 entre el 16 y el 19 de febrero pasado en la sede central; y durante la primera semana del pr\u00f3ximo marzo, para los ingresantes a cursar las carreras de Relaciones Laborales y Comercio Exterior, as\u00ed como tambi\u00e9n para aquellos de las extensiones \u00e1ulicas de Bella Vista, Monte Caseros y Santo Tom\u00e9 (las tres localidades en Corrientes).<br>Entre los contenidos, se dictan cursos introductorio universitario, y de afianzamiento de competencias universitarias.<\/p>\n\n\n\n<p><br>En el curso introductorio universitario, est\u00e1n los m\u00f3dulos T\u00e9cnica para aprendizaje efectivo; de ambientaci\u00f3n; y de salud y servicios sociales.<br>Tambi\u00e9n se abordan las siguientes tem\u00e1ticas: oratoria; adaptaci\u00f3n a la vida universitaria; t\u00e9cnicas de estudio; camino estudiantil emprendedor; afianzamiento de matem\u00e1ticas; educaci\u00f3n sexual integral; servicios de la Secretar\u00eda General de Asuntos Sociales de la UNNE, y Secretar\u00eda de Protocolo de Violencia.<\/p>\n\n\n\n<p>Objetivos<br>Entre los objetivos de esta ambientaci\u00f3n, se buscan fortalecer las trayectorias de los aspirantes, y genera un sentido de pertenencia e identidad como futuros estudiantes de la instituci\u00f3n.<br>En la comunidad de la Facultad se sabe que iniciar una carrera universitaria implica adentrarse en un mundo desconocido, y el paso de la escuela media a la universitaria no siempre es sencillo.<br>El Programa de Ambientaci\u00f3n Universitaria es concebido como un espacio de transici\u00f3n para articular el nivel medio con la universidad. Se trata de una actitud de ayuda a los ingresantes a la adaptaci\u00f3n a normas, organizaci\u00f3n y funcionamiento del \u00e1mbito universitario.<\/p>\n","protected":false},"excerpt":{"rendered":"<p>Entre este martes 5 y el viernes 8 de marzo, las autoridades de la Facultad de Ciencias Econ\u00f3micas de la Universidad Nacional del Nordeste encabezar\u00e1n jornadas previstas por el Programa&hellip; <\/p>\n","protected":false},"author":12,"featured_media":130251,"comment_status":"closed","ping_status":"open","sticky":false,"template":"","format":"standard","meta":{"footnotes":""},"categories":[1,1658],"tags":[],"class_list":["post-130237","post","type-post","status-publish","format-standard","has-post-thumbnail","hentry","category-informacion-general","category-interior"],"_links":{"self":[{"href":"https:\/\/corrientesdetarde.com\/index.php\/wp-json\/wp\/v2\/posts\/130237","targetHints":{"allow":["GET"]}}],"collection":[{"href":"https:\/\/corrientesdetarde.com\/index.php\/wp-json\/wp\/v2\/posts"}],"about":[{"href":"https:\/\/corrientesdetarde.com\/index.php\/wp-json\/wp\/v2\/types\/post"}],"author":[{"embeddable":true,"href":"https:\/\/corrientesdetarde.com\/index.php\/wp-json\/wp\/v2\/users\/12"}],"replies":[{"embeddable":true,"href":"https:\/\/corrientesdetarde.com\/index.php\/wp-json\/wp\/v2\/comments?post=130237"}],"version-history":[{"count":1,"href":"https:\/\/corrientesdetarde.com\/index.php\/wp-json\/wp\/v2\/posts\/130237\/revisions"}],"predecessor-version":[{"id":130252,"href":"https:\/\/corrientesdetarde.com\/index.php\/wp-json\/wp\/v2\/posts\/130237\/revisions\/130252"}],"wp:featuredmedia":[{"embeddable":true,"href":"https:\/\/corrientesdetarde.com\/index.php\/wp-json\/wp\/v2\/media\/130251"}],"wp:attachment":[{"href":"https:\/\/corrientesdetarde.com\/index.php\/wp-json\/wp\/v2\/media?parent=130237"}],"wp:term":[{"taxonomy":"category","embeddable":true,"href":"https:\/\/corrientesdetarde.com\/index.php\/wp-json\/wp\/v2\/categories?post=130237"},{"taxonomy":"post_tag","embeddable":true,"href":"https:\/\/corrientesdetarde.com\/index.php\/wp-json\/wp\/v2\/tags?post=130237"}],"curies":[{"name":"wp","href":"https:\/\/api.w.org\/{rel}","templated":true}]}}