{"id":130241,"date":"2024-03-05T10:20:18","date_gmt":"2024-03-05T13:20:18","guid":{"rendered":"https:\/\/corrientesdetarde.com\/?p=130241"},"modified":"2024-03-05T10:20:29","modified_gmt":"2024-03-05T13:20:29","slug":"monte-caseros-invita-a-sumarse-al-plan-de-nuez-pecan","status":"publish","type":"post","link":"https:\/\/corrientesdetarde.com\/index.php\/interior\/monte-caseros-invita-a-sumarse-al-plan-de-nuez-pecan\/","title":{"rendered":"MONTE CASEROS INVITA A SUMARSE AL PLAN DE NUEZ PEC\u00c1N"},"content":{"rendered":"\n<p>Karina Copini, titular del \u00e1rea de Desarrollo productivo y econ\u00f3mico de Monte Caseros, se refiri\u00f3 a una reuni\u00f3n informativa en el marco del programa provincial de nuez pec\u00e1n. &#8220;Lo que buscamos con esto es tener toda la informaci\u00f3n porque cada localidad productiva tiene diversidad de temperatura y suelo. Cuando nos ofrecen lo que podemos producir en este caso Nuez pecan, o Palta lo que buscamos es productores que se quieran sumar&#8221;, explica.<\/p>\n","protected":false},"excerpt":{"rendered":"<p>Karina Copini, titular del \u00e1rea de Desarrollo productivo y econ\u00f3mico de Monte Caseros, se refiri\u00f3 a una reuni\u00f3n informativa en el marco del programa provincial de nuez pec\u00e1n. &#8220;Lo que&hellip; <\/p>\n","protected":false},"author":12,"featured_media":130242,"comment_status":"closed","ping_status":"open","sticky":false,"template":"","format":"standard","meta":{"footnotes":""},"categories":[1658],"tags":[],"class_list":["post-130241","post","type-post","status-publish","format-standard","has-post-thumbnail","hentry","category-interior"],"_links":{"self":[{"href":"https:\/\/corrientesdetarde.com\/index.php\/wp-json\/wp\/v2\/posts\/130241","targetHints":{"allow":["GET"]}}],"collection":[{"href":"https:\/\/corrientesdetarde.com\/index.php\/wp-json\/wp\/v2\/posts"}],"about":[{"href":"https:\/\/corrientesdetarde.com\/index.php\/wp-json\/wp\/v2\/types\/post"}],"author":[{"embeddable":true,"href":"https:\/\/corrientesdetarde.com\/index.php\/wp-json\/wp\/v2\/users\/12"}],"replies":[{"embeddable":true,"href":"https:\/\/corrientesdetarde.com\/index.php\/wp-json\/wp\/v2\/comments?post=130241"}],"version-history":[{"count":1,"href":"https:\/\/corrientesdetarde.com\/index.php\/wp-json\/wp\/v2\/posts\/130241\/revisions"}],"predecessor-version":[{"id":130243,"href":"https:\/\/corrientesdetarde.com\/index.php\/wp-json\/wp\/v2\/posts\/130241\/revisions\/130243"}],"wp:featuredmedia":[{"embeddable":true,"href":"https:\/\/corrientesdetarde.com\/index.php\/wp-json\/wp\/v2\/media\/130242"}],"wp:attachment":[{"href":"https:\/\/corrientesdetarde.com\/index.php\/wp-json\/wp\/v2\/media?parent=130241"}],"wp:term":[{"taxonomy":"category","embeddable":true,"href":"https:\/\/corrientesdetarde.com\/index.php\/wp-json\/wp\/v2\/categories?post=130241"},{"taxonomy":"post_tag","embeddable":true,"href":"https:\/\/corrientesdetarde.com\/index.php\/wp-json\/wp\/v2\/tags?post=130241"}],"curies":[{"name":"wp","href":"https:\/\/api.w.org\/{rel}","templated":true}]}}