{"id":130256,"date":"2024-03-05T11:47:34","date_gmt":"2024-03-05T14:47:34","guid":{"rendered":"https:\/\/corrientesdetarde.com\/?p=130256"},"modified":"2024-03-05T11:47:38","modified_gmt":"2024-03-05T14:47:38","slug":"encontraron-un-bebe-recien-nacido-abandonado-en-un-descampado-y-rodeado-de-perros","status":"publish","type":"post","link":"https:\/\/corrientesdetarde.com\/index.php\/sociales\/encontraron-un-bebe-recien-nacido-abandonado-en-un-descampado-y-rodeado-de-perros\/","title":{"rendered":"Encontraron un bebe reci\u00e9n nacido abandonado en un descampado y rodeado de perros"},"content":{"rendered":"\n<p>Una vecina de la ciudad\u00a0mendocina\u00a0Luj\u00e1n de Cuyo<strong>\u00a0encontr\u00f3 a un\u00a0beb\u00e9 reci\u00e9n nacido abandonado\u00a0en un descampado.\u00a0<\/strong>La joven pasaba por el lugar cuando vio a varios\u00a0<strong>perros que rodeaban al peque\u00f1o.<\/strong>\u00a0Tras ello lo levant\u00f3 y llam\u00f3 a la Polic\u00eda.<\/p>\n\n\n\n<p>El dram\u00e1tico hallazgo ocurri\u00f3 durante el mediod\u00eda de este lunes en el barrio Jard\u00edn de Agrelo. Seg\u00fan precisado por los investigadores, la chica, llamada Julieta, caminaba por el lugar cuando una situaci\u00f3n particular le llam\u00f3 la atenci\u00f3n.<\/p>\n\n\n\n<p>Estaba en una zona descampada y a lo lejos vio que<strong>&nbsp;varios perros rodeaban algo que se encontraba en el piso.&nbsp;<\/strong>Cuando se acerc\u00f3, encontr\u00f3 a un<strong>&nbsp;beb\u00e9 reci\u00e9n nacido<\/strong>&nbsp;y sin pensarlo lo levant\u00f3 y se lo llev\u00f3 a su casa. Enseguida lo arrop\u00f3 y su madre llam\u00f3 al 911 para contar sobre el hallazgo.<\/p>\n\n\n\n<p>Enseguida se trasladaron a la vivienda una ambulancia del Servicio de Emergencia Coordinado (SEC) y personal policial. De acuerdo a lo informado por los m\u00e9dicos que le hicieron las primera revisaciones, el peque\u00f1o&nbsp;<strong>se encuentra en buen estado de salud.<\/strong><\/p>\n\n\n\n<figure class=\"wp-block-image\"><img decoding=\"async\" src=\"https:\/\/tn.com.ar\/resizer\/I5xfhZ_6pmqW_CXTzh0pj-tjDGQ=\/767x0\/smart\/filters:format(webp)\/cloudfront-us-east-1.images.arcpublishing.com\/artear\/ILUPS7X4NBDWVARCLAOZHPAWYE.jpg\" alt=\"El peque\u00f1o fue trasladado al Hospital Notti donde permanece internado. (Foto: Facebook\/Hospital Notti)\"\/><figcaption class=\"wp-element-caption\">El peque\u00f1o fue trasladado al Hospital Notti donde permanece internado. (Foto: Facebook\/Hospital Notti)<\/figcaption><\/figure>\n\n\n\n<p>Tras ello lo subieron a la ambulancia y&nbsp;<strong>la enfermera que lo atendi\u00f3, Yanina Alacoria, comenz\u00f3 a amamantarlo.&nbsp;<\/strong>La mujer, que es madre de tres chicos, lo puso en sus brazos y lo prendi\u00f3 al pecho. \u201cSon muchas emociones juntas, darle de mamar es lo m\u00e1s lindo. Lo sujete como si fuera m\u00edo\u201d, cont\u00f3 al medio local&nbsp;<em>Canal 7<\/em>. Adem\u00e1s, precis\u00f3 que el beb\u00e9 ten\u00eda sus niveles de glucemia muy bajos y por eso se dorm\u00eda.<\/p>\n\n\n\n<p>Lo amamant\u00f3 por m\u00e1s de 5 minutos y reci\u00e9n cuando los m\u00e9dicos pudieron ver que estaban bien todos los valores lo derivaron al Hospital Notti. En ese contexto, Yanina asegur\u00f3 que<strong>\u00a0le encantar\u00eda poder adoptarlo. \u201cDonde comen tres, comen cuatro\u201d<\/strong>, sostuvo.<\/p>\n\n\n\n<p>El chiquito qued\u00f3 internado en neonatolog\u00eda bajo observaciones y en estado reservado. Por su parte, el personal policial se encuentra realizando tareas de investigaci\u00f3n para determinar las causas del abandono y tratar de localizar a alg\u00fan familiar del peque\u00f1o, seg\u00fan inform\u00f3 Bel\u00e9n Garc\u00eda, directora del Equipos T\u00e9cnicos Interdisciplinarios.<\/p>\n\n\n\n<p>En caso de que no se encuentre a sus padres, el beb\u00e9 estar\u00e1 bajo guarda durante alg\u00fan tiempo y luego podr\u00e1 ser dado en adopci\u00f3n. En la causa interviene Oficina Fiscal N\u00famero 11.<\/p>\n","protected":false},"excerpt":{"rendered":"<p>Una vecina de la ciudad\u00a0mendocina\u00a0Luj\u00e1n de Cuyo\u00a0encontr\u00f3 a un\u00a0beb\u00e9 reci\u00e9n nacido abandonado\u00a0en un descampado.\u00a0La joven pasaba por el lugar cuando vio a varios\u00a0perros que rodeaban al peque\u00f1o.\u00a0Tras ello lo levant\u00f3&hellip; <\/p>\n","protected":false},"author":12,"featured_media":130273,"comment_status":"closed","ping_status":"open","sticky":false,"template":"","format":"standard","meta":{"footnotes":""},"categories":[33,17],"tags":[],"class_list":["post-130256","post","type-post","status-publish","format-standard","has-post-thumbnail","hentry","category-policiales","category-sociales"],"_links":{"self":[{"href":"https:\/\/corrientesdetarde.com\/index.php\/wp-json\/wp\/v2\/posts\/130256","targetHints":{"allow":["GET"]}}],"collection":[{"href":"https:\/\/corrientesdetarde.com\/index.php\/wp-json\/wp\/v2\/posts"}],"about":[{"href":"https:\/\/corrientesdetarde.com\/index.php\/wp-json\/wp\/v2\/types\/post"}],"author":[{"embeddable":true,"href":"https:\/\/corrientesdetarde.com\/index.php\/wp-json\/wp\/v2\/users\/12"}],"replies":[{"embeddable":true,"href":"https:\/\/corrientesdetarde.com\/index.php\/wp-json\/wp\/v2\/comments?post=130256"}],"version-history":[{"count":1,"href":"https:\/\/corrientesdetarde.com\/index.php\/wp-json\/wp\/v2\/posts\/130256\/revisions"}],"predecessor-version":[{"id":130274,"href":"https:\/\/corrientesdetarde.com\/index.php\/wp-json\/wp\/v2\/posts\/130256\/revisions\/130274"}],"wp:featuredmedia":[{"embeddable":true,"href":"https:\/\/corrientesdetarde.com\/index.php\/wp-json\/wp\/v2\/media\/130273"}],"wp:attachment":[{"href":"https:\/\/corrientesdetarde.com\/index.php\/wp-json\/wp\/v2\/media?parent=130256"}],"wp:term":[{"taxonomy":"category","embeddable":true,"href":"https:\/\/corrientesdetarde.com\/index.php\/wp-json\/wp\/v2\/categories?post=130256"},{"taxonomy":"post_tag","embeddable":true,"href":"https:\/\/corrientesdetarde.com\/index.php\/wp-json\/wp\/v2\/tags?post=130256"}],"curies":[{"name":"wp","href":"https:\/\/api.w.org\/{rel}","templated":true}]}}