{"id":130257,"date":"2024-03-05T11:44:53","date_gmt":"2024-03-05T14:44:53","guid":{"rendered":"https:\/\/corrientesdetarde.com\/?p=130257"},"modified":"2024-03-05T11:45:04","modified_gmt":"2024-03-05T14:45:04","slug":"se-viralizo-un-intercambio-de-mensajes-entre-indiana-cubero-y-manu-urcera-que-le-dio-alivio-a-nicole-neumann","status":"publish","type":"post","link":"https:\/\/corrientesdetarde.com\/index.php\/espectaculos\/se-viralizo-un-intercambio-de-mensajes-entre-indiana-cubero-y-manu-urcera-que-le-dio-alivio-a-nicole-neumann\/","title":{"rendered":"Se viraliz\u00f3 un intercambio de mensajes entre Indiana Cubero y Manu Urcera que le dio alivio a Nicole Neumann"},"content":{"rendered":"\n<p><strong>Indiana Cubero se fue de la casa de Nicole Neumann\u00a0<\/strong>en medio de muchos rumores escandalosos. Se dijo que se hab\u00eda peleado fuertemente con ella, pero luego apareci\u00f3\u00a0una versi\u00f3n que involucr\u00f3 a\u00a0<strong>Manu Urcera,<\/strong>\u00a0a quien acusaron de haberle gritado y tratado mal. Sin embargo, la adolescente nunca habl\u00f3 p\u00fablicamente del tema, y ahora que liber\u00f3 sus redes sociales se viraliz\u00f3 un intercambio de mensajes que nadie se esperaba.<\/p>\n\n\n\n<p>La primog\u00e9nita de la top model era una de las grandes espectadoras de las carreras del piloto y comparti\u00f3 algunas im\u00e1genes de los viajes que hicieron en familia. El 7 de agosto de 2022, meses antes de que se instalara en la casa de su pap\u00e1, public\u00f3 una foto abrazada a Urcera y expres\u00f3: \u201c\u00a1\u00a1Felicitaciones!! Muy lindo acompa\u00f1arte\u201d.\u00a0<strong>\u201cQu\u00e9 genia. \u00a1Te quiero mucho!\u201d<\/strong>, respondi\u00f3 \u00e9l,<\/p>\n\n\n\n<p>Este intercambio de mensajes&nbsp;<strong>dej\u00f3 en evidencia que entre ellos estaba todo bien<\/strong>, y la viralizaci\u00f3n del mismo le dio un gran alivio a Nicole, que estaba harta de lidiar con pol\u00e9micas especulaciones sobre su actual esposo y la adolescente.<\/p>\n\n\n\n<figure class=\"wp-block-image\"><img decoding=\"async\" src=\"https:\/\/tn.com.ar\/resizer\/twFApAeXw7PE-wcLR3Q4_lT1R78=\/767x0\/smart\/filters:format(webp)\/cloudfront-us-east-1.images.arcpublishing.com\/artear\/THMBOEVVMBCKROXI4Z6DUJOHI4.JPG\" alt=\"Indiana Cubero se llevaba muy bien con Manu Urcera y una foto lo comprueba. (Foto: instagram\/cubero.indiana)\"\/><figcaption class=\"wp-element-caption\">Indiana Cubero se llevaba muy bien con Manu Urcera y una foto lo comprueba. (Foto: instagram\/cubero.indiana)<\/figcaption><\/figure>\n\n\n\n<h2 class=\"wp-block-heading\">Qu\u00e9 dijo Manu Urcera sobre su v\u00ednculo con Indiana Cubero<\/h2>\n\n\n\n<p><strong>Manu Urcera\u00a0se defendi\u00f3 tras las versiones del supuesto audio contra\u00a0Indiana Cubero<\/strong>. D\u00edas atr\u00e1s, el piloto de carreras volvi\u00f3 a quedar en el ojo de la tormenta despu\u00e9s de que se reflotara la versi\u00f3n de que una\u00a0presunta frase\u00a0suya habr\u00eda desencadenado el conflicto entre\u00a0<strong>Nicole Neumann<\/strong>\u00a0y su hija mayor.<\/p>\n\n\n\n<p>Aunque suele mantener en total hermetismo su vida privada, este fin de semana hizo una excepci\u00f3n. En di\u00e1logo con Catalina Dlugi, se refiri\u00f3 al beb\u00e9 en camino, la familia ensamblada y la grabaci\u00f3n en cuesti\u00f3n.<\/p>\n\n\n\n<figure class=\"wp-block-image\"><img decoding=\"async\" src=\"https:\/\/tn.com.ar\/resizer\/uyI_v7Y7QIYEaiyUtKoolyfxqVU=\/767x0\/smart\/filters:format(webp)\/cloudfront-us-east-1.images.arcpublishing.com\/artear\/5A7P7M7K5JFKDDCPSVTML4STA4.jpg\" alt=\"Manu Urcera e Indiana Cubero se llevaban bien. (Foto: instagram\/cubero.indiana)\"\/><figcaption class=\"wp-element-caption\">Manu Urcera e Indiana Cubero se llevaban bien. (Foto: instagram\/cubero.indiana)<\/figcaption><\/figure>\n\n\n\n<p>Consultado, se\u00f1al\u00f3: \u201c<strong>Todas las situaciones que se inventan<\/strong>, como el nombre del beb\u00e9 o lo que sea,&nbsp;<strong>las tomo como parte del momento en el que vivimos\u201d.&nbsp;<\/strong>Sin embargo, admiti\u00f3que&nbsp;<strong>\u201cle molesta que se crucen algunos l\u00edmites\u201d<\/strong>: \u201cTodo invento, prejuicio o especulaci\u00f3n vende, pero cuando ese vender traspasa cualquier tipo de l\u00edmite y uno va por cualquier cosa, me molesta y&nbsp;<strong>obviamente hay que ponerle un freno<\/strong>\u201d.<\/p>\n\n\n\n<p>Por \u00faltimo, dispar\u00f3: \u201cUno se banca algunas cosas y a otras hay que ponerles un freno y tratarlo con quien se deba tratar. Tambi\u00e9n hay una realidad que en el fondo somos personas y tenemos una familia atr\u00e1s y, en mi caso,<strong>&nbsp;represento a un mont\u00f3n de empresas que est\u00e1n acostumbradas a que se inventen cosas de uno<\/strong>&nbsp;y se digan cosas que no son, pero tambi\u00e9n<strong>&nbsp;todo tiene un l\u00edmite<\/strong>\u201d.<\/p>\n\n\n\n<figure class=\"wp-block-image\"><img decoding=\"async\" src=\"https:\/\/tn.com.ar\/resizer\/tqt8nAdWXcdVGQIKLKqV8Nqpjjk=\/767x0\/smart\/filters:format(webp)\/cloudfront-us-east-1.images.arcpublishing.com\/artear\/KTNZQK4XZRHGTEC5W7BLKTERFM.jpg\" alt=\"Indiana Cubero abandon\u00f3 la casa de su mam\u00e1 para irse con Poroto Cubero. (Foto: instagram\/cubero.indiana)\"\/><figcaption class=\"wp-element-caption\">Indiana Cubero abandon\u00f3 la casa de su mam\u00e1 para irse con Poroto Cubero. (Foto: instagram\/cubero.indiana)<\/figcaption><\/figure>\n","protected":false},"excerpt":{"rendered":"<p>Indiana Cubero se fue de la casa de Nicole Neumann\u00a0en medio de muchos rumores escandalosos. Se dijo que se hab\u00eda peleado fuertemente con ella, pero luego apareci\u00f3\u00a0una versi\u00f3n que involucr\u00f3&hellip; <\/p>\n","protected":false},"author":12,"featured_media":130271,"comment_status":"closed","ping_status":"open","sticky":false,"template":"","format":"standard","meta":{"footnotes":""},"categories":[19],"tags":[],"class_list":["post-130257","post","type-post","status-publish","format-standard","has-post-thumbnail","hentry","category-espectaculos"],"_links":{"self":[{"href":"https:\/\/corrientesdetarde.com\/index.php\/wp-json\/wp\/v2\/posts\/130257","targetHints":{"allow":["GET"]}}],"collection":[{"href":"https:\/\/corrientesdetarde.com\/index.php\/wp-json\/wp\/v2\/posts"}],"about":[{"href":"https:\/\/corrientesdetarde.com\/index.php\/wp-json\/wp\/v2\/types\/post"}],"author":[{"embeddable":true,"href":"https:\/\/corrientesdetarde.com\/index.php\/wp-json\/wp\/v2\/users\/12"}],"replies":[{"embeddable":true,"href":"https:\/\/corrientesdetarde.com\/index.php\/wp-json\/wp\/v2\/comments?post=130257"}],"version-history":[{"count":1,"href":"https:\/\/corrientesdetarde.com\/index.php\/wp-json\/wp\/v2\/posts\/130257\/revisions"}],"predecessor-version":[{"id":130272,"href":"https:\/\/corrientesdetarde.com\/index.php\/wp-json\/wp\/v2\/posts\/130257\/revisions\/130272"}],"wp:featuredmedia":[{"embeddable":true,"href":"https:\/\/corrientesdetarde.com\/index.php\/wp-json\/wp\/v2\/media\/130271"}],"wp:attachment":[{"href":"https:\/\/corrientesdetarde.com\/index.php\/wp-json\/wp\/v2\/media?parent=130257"}],"wp:term":[{"taxonomy":"category","embeddable":true,"href":"https:\/\/corrientesdetarde.com\/index.php\/wp-json\/wp\/v2\/categories?post=130257"},{"taxonomy":"post_tag","embeddable":true,"href":"https:\/\/corrientesdetarde.com\/index.php\/wp-json\/wp\/v2\/tags?post=130257"}],"curies":[{"name":"wp","href":"https:\/\/api.w.org\/{rel}","templated":true}]}}