{"id":130259,"date":"2024-03-05T11:37:16","date_gmt":"2024-03-05T14:37:16","guid":{"rendered":"https:\/\/corrientesdetarde.com\/?p=130259"},"modified":"2024-03-05T11:38:43","modified_gmt":"2024-03-05T14:38:43","slug":"ciudad-de-corrientes-un-lugar-con-identidad-genuina","status":"publish","type":"post","link":"https:\/\/corrientesdetarde.com\/index.php\/informacion-general\/ciudad-de-corrientes-un-lugar-con-identidad-genuina\/","title":{"rendered":"Ciudad de Corrientes, un lugar con identidad genuina"},"content":{"rendered":"\n<p>La belleza del litoral argentino es inmensa y esta ciudad ubicada en el noreste de la Argentina, se destaca por su particular idiosincrasia, flora y fauna.<\/p>\n\n\n\n<p>Corrientes se configura en el coraz\u00f3n del Mercosur teniendo una triple frontera con los pa\u00edses miembros y rodeada por la Hidrov\u00eda Paran\u00e1 \u2013 Paraguay.<\/p>\n\n\n\n<p>Al mismo tiempo limita con las provincias de Entre R\u00edos, Santa Fe, Chaco y Misiones, y los pa\u00edses de Paraguay, Brasil y Uruguay.<\/p>\n\n\n\n<p><strong>Fundaci\u00f3n<\/strong><\/p>\n\n\n\n<p>La fundaci\u00f3n de la ciudad, el 3 de abril de 1588, form\u00f3 parte del proceso de conquista y poblamiento de un amplio sector del litoral fluvial argentino.<\/p>\n\n\n\n<p>Inicialmente fue denominada Vera por su fundador, el adelantado Juan Torres de Vera y Arag\u00f3n.<\/p>\n\n\n\n<p>El valor estrat\u00e9gico, como as\u00ed tambi\u00e9n la densidad aborigen del lugar, fueron factores altamente gravitantes en la decisi\u00f3n de su fundador para formar una expedici\u00f3n numerosa, que proveniente de Asunci\u00f3n, lleg\u00f3&nbsp;&nbsp;al paraje denominado por los conquistadores de &#8220;las siete corrientes&#8221; haciendo alusi\u00f3n a las siete puntas pedregosas que el territorio prolongaba hacia el r\u00edo.<\/p>\n\n\n\n<p>Del contingente original solamente quedaron como pobladores 61 personas, constituidas por espa\u00f1oles y mestizos.<\/p>\n\n\n\n<p><strong>\u201cCorrientes tiene pay\u00e9\u201d<\/strong><\/p>\n\n\n\n<p>Asimismo, actualmente, la provincia de Corrientes, integra la regi\u00f3n del Litoral, son sus famosos r\u00edos, lagunas, sus esteros, yacar\u00e9s, yaguaret\u00e9s, entre otros animales y variadas especies.<\/p>\n\n\n\n<p>El vigor de su gente y sus tradiciones musicales hacen de Corrientes una de las provincias m\u00e1s singulares de la Argentina.<\/p>\n\n\n\n<p>Por otra parte, el chamam\u00e9 es la m\u00fasica tradicional de los correntinos, y en ella descansa la filosof\u00eda de vida de sus pobladores. La religiosidad de \u00e9stos se manifiesta tambi\u00e9n en procesiones y encuentros tradicionales que se mantienen vivos a lo largo de toda la provincia.<\/p>\n\n\n\n<p>Entre los atractivos de Corrientes figuran los balnearios de los r\u00edos Paran\u00e1 y Uruguay, las catedrales e iglesias centenarias en el centro de sus ciudades, el enorme humedal conformado por los mundialmente famosos Esteros del Iber\u00e1; y toda la belleza de su hom\u00f3nima Capital, en donde la cultura se manifiesta a trav\u00e9s de sus museos y de varias instituciones y edificios p\u00fablicos cuyo estilo arquitect\u00f3nico atesora reliquias de incalculable valor hist\u00f3rico y religioso.<\/p>\n\n\n\n<p>El dorado, el surub\u00ed y el pac\u00fa les han aportado a sus r\u00edos el color necesario para que todos los a\u00f1os, en Paso de la Patria, Esquina y en Goya, tengan lugar las tres Fiestas Nacionales de pesca m\u00e1s importantes del pa\u00eds.<\/p>\n\n\n\n<p>&#8220;Corrientes tiene pay\u00e9&#8221; reza el dicho, y es cierto. Basta con conocerla para enamorarnos de ella y para que su efecto de amuleto o im\u00e1n nos atraiga siempre.<\/p>\n\n\n\n<p>Adem\u00e1s de la Fiesta Nacional del Chamame, sus carnavales artesanales llenan el verano correntino de brillo y color, donde llega la alegr\u00eda de la gente, las familias, amigos y vecinos. Es en este momento donde se unen la noche con el d\u00eda para lucirse en un espect\u00e1culo incre\u00edble, que data de los a\u00f1os 60, donde se alojaban j\u00f3venes que llegaban de todo el pa\u00eds, para participar de las noches de corsos.<\/p>\n\n\n\n<p>La pasi\u00f3n carnavalera que se presenta en la inmensa mayor\u00eda de los correntinos y turistas de todas partes del pa\u00eds, se activa desde el inicio de cada nuevo a\u00f1o. Por lo tanto, este evento se transforma en el centro de las miradas durante los meses de enero y febrero y tiene la ambici\u00f3n de ser una multitudinaria manifestaci\u00f3n de cultura popular.<\/p>\n\n\n\n<p>El carnaval de Corrientes es \u00fanico por los magn\u00edficos dise\u00f1os, bordados y carrozas que se caracterizan, adem\u00e1s, por regalar al p\u00fablico un festejo inolvidable.<\/p>\n\n\n\n<figure class=\"wp-block-gallery has-nested-images columns-default is-cropped wp-block-gallery-1 is-layout-flex wp-block-gallery-is-layout-flex\">\n<figure class=\"wp-block-image size-large\"><img loading=\"lazy\" decoding=\"async\" width=\"1024\" height=\"768\" data-id=\"130262\" src=\"https:\/\/corrientesdetarde.com\/wp-content\/uploads\/2024\/03\/imagen-64631-1-1024x768.jpg\" alt=\"\" class=\"wp-image-130262\" srcset=\"https:\/\/corrientesdetarde.com\/wp-content\/uploads\/2024\/03\/imagen-64631-1-1024x768.jpg 1024w, https:\/\/corrientesdetarde.com\/wp-content\/uploads\/2024\/03\/imagen-64631-1-300x225.jpg 300w, https:\/\/corrientesdetarde.com\/wp-content\/uploads\/2024\/03\/imagen-64631-1-768x576.jpg 768w, https:\/\/corrientesdetarde.com\/wp-content\/uploads\/2024\/03\/imagen-64631-1-1536x1152.jpg 1536w, https:\/\/corrientesdetarde.com\/wp-content\/uploads\/2024\/03\/imagen-64631-1-2048x1536.jpg 2048w\" sizes=\"auto, (max-width: 1024px) 100vw, 1024px\" \/><figcaption class=\"wp-element-caption\">SANYO DIGITAL CAMERA<\/figcaption><\/figure>\n\n\n\n<figure class=\"wp-block-image size-large\"><img loading=\"lazy\" decoding=\"async\" width=\"1024\" height=\"683\" data-id=\"130263\" src=\"https:\/\/corrientesdetarde.com\/wp-content\/uploads\/2024\/03\/imagen-64630-1-1024x683.jpg\" alt=\"\" class=\"wp-image-130263\" srcset=\"https:\/\/corrientesdetarde.com\/wp-content\/uploads\/2024\/03\/imagen-64630-1-1024x683.jpg 1024w, https:\/\/corrientesdetarde.com\/wp-content\/uploads\/2024\/03\/imagen-64630-1-300x200.jpg 300w, https:\/\/corrientesdetarde.com\/wp-content\/uploads\/2024\/03\/imagen-64630-1-768x512.jpg 768w, https:\/\/corrientesdetarde.com\/wp-content\/uploads\/2024\/03\/imagen-64630-1-1536x1024.jpg 1536w, https:\/\/corrientesdetarde.com\/wp-content\/uploads\/2024\/03\/imagen-64630-1-2048x1365.jpg 2048w\" sizes=\"auto, (max-width: 1024px) 100vw, 1024px\" \/><\/figure>\n<\/figure>\n","protected":false},"excerpt":{"rendered":"<p>La belleza del litoral argentino es inmensa y esta ciudad ubicada en el noreste de la Argentina, se destaca por su particular idiosincrasia, flora y fauna. Corrientes se configura en&hellip; <\/p>\n","protected":false},"author":12,"featured_media":130264,"comment_status":"closed","ping_status":"open","sticky":false,"template":"","format":"standard","meta":{"footnotes":""},"categories":[15,1],"tags":[],"class_list":["post-130259","post","type-post","status-publish","format-standard","has-post-thumbnail","hentry","category-cultura","category-informacion-general"],"_links":{"self":[{"href":"https:\/\/corrientesdetarde.com\/index.php\/wp-json\/wp\/v2\/posts\/130259","targetHints":{"allow":["GET"]}}],"collection":[{"href":"https:\/\/corrientesdetarde.com\/index.php\/wp-json\/wp\/v2\/posts"}],"about":[{"href":"https:\/\/corrientesdetarde.com\/index.php\/wp-json\/wp\/v2\/types\/post"}],"author":[{"embeddable":true,"href":"https:\/\/corrientesdetarde.com\/index.php\/wp-json\/wp\/v2\/users\/12"}],"replies":[{"embeddable":true,"href":"https:\/\/corrientesdetarde.com\/index.php\/wp-json\/wp\/v2\/comments?post=130259"}],"version-history":[{"count":1,"href":"https:\/\/corrientesdetarde.com\/index.php\/wp-json\/wp\/v2\/posts\/130259\/revisions"}],"predecessor-version":[{"id":130268,"href":"https:\/\/corrientesdetarde.com\/index.php\/wp-json\/wp\/v2\/posts\/130259\/revisions\/130268"}],"wp:featuredmedia":[{"embeddable":true,"href":"https:\/\/corrientesdetarde.com\/index.php\/wp-json\/wp\/v2\/media\/130264"}],"wp:attachment":[{"href":"https:\/\/corrientesdetarde.com\/index.php\/wp-json\/wp\/v2\/media?parent=130259"}],"wp:term":[{"taxonomy":"category","embeddable":true,"href":"https:\/\/corrientesdetarde.com\/index.php\/wp-json\/wp\/v2\/categories?post=130259"},{"taxonomy":"post_tag","embeddable":true,"href":"https:\/\/corrientesdetarde.com\/index.php\/wp-json\/wp\/v2\/tags?post=130259"}],"curies":[{"name":"wp","href":"https:\/\/api.w.org\/{rel}","templated":true}]}}